{"id":3957,"date":"2016-05-28T07:26:49","date_gmt":"2016-05-28T07:26:49","guid":{"rendered":"http:\/\/www.atletica75.it\/?p=3957"},"modified":"2022-08-20T23:39:31","modified_gmt":"2022-08-20T23:39:31","slug":"26-maggio-la-ginnastica-diventa-gymfantasia","status":"publish","type":"post","link":"https:\/\/www.atletica75.it\/wp2\/2016\/05\/28\/26-maggio-la-ginnastica-diventa-gymfantasia\/","title":{"rendered":"26 maggio: la ginnastica diventa GymFantasia!!!"},"content":{"rendered":"<p><a href=\"https:\/\/www.atletica75.it\/wp2\/wp-content\/uploads\/2015\/11\/cropped-testata-web-atletica.png\"><img decoding=\"async\" loading=\"lazy\" class=\"alignleft size-thumbnail wp-image-3679\" src=\"https:\/\/www.atletica75.it\/wp2\/wp-content\/uploads\/2015\/11\/cropped-testata-web-atletica-150x150.png\" alt=\"cropped-testata-web-atletica.png\" width=\"150\" height=\"150\" \/><\/a>Gioved\u00ec 26 maggio, un appunto sul calendario. Al palazzetto dello sport di Cattolica \u00e8 andata in scena la classica &#8220;garetta&#8221; di fine corsi di ginnastica artistica, un momento per cimentarsi con quello che si \u00e8 imparato durante l&#8217;anno e si \u00e8 riuscito a mettere in pratica. In condizioni diverse ovviamente, con le famiglie che osservano, gli amici che fanno il tifo, con la tensione di una vera e propria sfida.<!--more--><\/p>\n<p>Gi\u00e0 perch\u00e9 arriva sempre il momento in cui si deve fare i conti con s\u00e9 stessi e gli altri in situazioni &#8220;inusuali&#8221;. La competizione giovanile serve a questo, a fare esperienza attraverso l&#8217;impegno e il sacrificio che richiedono i gesti tecnici, per noi ruote, capovolte, parallele, volteggio, trampolino elastico. I comportamenti tecnici sono prima di tutto comportamenti personali, riflettono desideri, aspettative, ansie, difetti, piacere di mostrarsi&#8230;fanno venire le &#8220;spalle larghe&#8221;insomma. Il tutto condito in un contesto adatto all&#8217;et\u00e0. In questo 2016 si \u00e8 pensato alla suddivisione in squadre che hanno nomi di animali, ciascuno la propria caratteristica, il proprio verso.<\/p>\n<p>Aldil\u00e0 della classifica finale, si \u00e8 respirato un clima sereno seppur con un p\u00f2 di confusione in campo gara. Ora un p\u00f2 di meritato riposo e che l&#8217;estate abbia inizio. Buon mare a tutti !!!<\/p>\n","protected":false},"excerpt":{"rendered":"<p>Gioved\u00ec 26 maggio, un appunto sul calendario. Al palazzetto dello sport di Cattolica \u00e8 andata in scena la classica &#8220;garetta&#8221; di fine corsi di ginnastica artistica, un momento per cimentarsi con quello che si \u00e8 imparato durante l&#8217;anno e si \u00e8 riuscito a mettere in pratica. In condizioni diverse ovviamente, con le famiglie che osservano, [&hellip;]<\/p>\n","protected":false},"author":2,"featured_media":0,"comment_status":"closed","ping_status":"open","sticky":false,"template":"","format":"standard","meta":{"_et_pb_use_builder":"","_et_pb_old_content":"","_et_gb_content_width":"","footnotes":""},"categories":[17,13],"tags":[],"_links":{"self":[{"href":"https:\/\/www.atletica75.it\/wp2\/wp-json\/wp\/v2\/posts\/3957"}],"collection":[{"href":"https:\/\/www.atletica75.it\/wp2\/wp-json\/wp\/v2\/posts"}],"about":[{"href":"https:\/\/www.atletica75.it\/wp2\/wp-json\/wp\/v2\/types\/post"}],"author":[{"embeddable":true,"href":"https:\/\/www.atletica75.it\/wp2\/wp-json\/wp\/v2\/users\/2"}],"replies":[{"embeddable":true,"href":"https:\/\/www.atletica75.it\/wp2\/wp-json\/wp\/v2\/comments?post=3957"}],"version-history":[{"count":1,"href":"https:\/\/www.atletica75.it\/wp2\/wp-json\/wp\/v2\/posts\/3957\/revisions"}],"predecessor-version":[{"id":7363,"href":"https:\/\/www.atletica75.it\/wp2\/wp-json\/wp\/v2\/posts\/3957\/revisions\/7363"}],"wp:attachment":[{"href":"https:\/\/www.atletica75.it\/wp2\/wp-json\/wp\/v2\/media?parent=3957"}],"wp:term":[{"taxonomy":"category","embeddable":true,"href":"https:\/\/www.atletica75.it\/wp2\/wp-json\/wp\/v2\/categories?post=3957"},{"taxonomy":"post_tag","embeddable":true,"href":"https:\/\/www.atletica75.it\/wp2\/wp-json\/wp\/v2\/tags?post=3957"}],"curies":[{"name":"wp","href":"https:\/\/api.w.org\/{rel}","templated":true}]}}