{"id":3978,"date":"2016-06-09T12:30:33","date_gmt":"2016-06-09T12:30:33","guid":{"rendered":"http:\/\/www.atletica75.it\/?p=3978"},"modified":"2016-06-09T12:30:33","modified_gmt":"2016-06-09T12:30:33","slug":"campionati-nazionali-ginnastica-artistica-uisp-2016","status":"publish","type":"post","link":"https:\/\/www.atletica75.it\/wp2\/2016\/06\/09\/campionati-nazionali-ginnastica-artistica-uisp-2016\/","title":{"rendered":"Campionati Nazionali ginnastica artistica UISP 2016"},"content":{"rendered":"<p>[singlepic id=1065 w= h= float=left]Torino capitale. Nel 2016 si \u00e8 tornati agli albori dell&#8217;unit\u00e0 nazionale e la ginnastica ne \u00e8 stato il motivo. Una giustificazione\u00a0a noi molto cara. Lo sport in genere mostra un p\u00f2 anche quello che \u00e8 l&#8217;identit\u00e0 nazionale, quanto una nazione ci tiene al movimento delle diverse discipline e la ginnastica artistica (come l&#8217;atletica leggera)\u00a0\u00e8\u00a0un punto fermo, un contenitore molto pieno come numeri e come entusiasmo. Gli sport minori non sono poi cos\u00ec minori.<!--more--><\/p>\n<p>Un viaggio sicuramente lungo per le ginnaste dell&#8217;Atletica 75 ma un viaggio che ha avuto il profumo di una gara importante. La pi\u00f9 importante per l&#8217;attivit\u00e0 UISP. Gareggiare in casa ha un sapore tutto particolare, \u00e8 vero, ma vivere la trasferta ha il suo fascino. La preparazione della valigia, il momento della partenza, il divertimento dei chilometri in autostrada, l&#8217;emozione dell&#8217;arrivo al campo gara sconosciuto, tutti elementi che si sentono sulla pelle. Meraviglioso e basta.<\/p>\n<p>Quattro giorni dall&#8217;alba al tramonto, una scorpacciata di elementi di diverso valore, di varie composizione degli esercizi, di gioie e di dolori. Gioie e dolori appunto. Le regole del gioco sono dolci e amare allo stesso tempo, sorrisi e lacrime. Questo \u00e8 stato scritto nella cronaca delle gare.<\/p>\n<p><em>&#8220;E anche quest&#8217;anno l&#8217;Atletica 75 segna la sua presenza ai Campionati Nazionali Uisp. La citt\u00e0 che ci ha ospitato \u00e8 stata Torino, i numeri delle atlete erano altissimi in tutte le categorie e tra queste c&#8217;erano le nostre 17 Ginnaste.<\/em><br \/>\n<em>E come ogni campionato che si rispetti arrivano i\u00a0bilanci finali: non sono mancate le amarezze, la delusione per\u00a0errori\u00a0che si potevano evitare, errori che non ti aspetti ma che ti danno la spinta per risalir<span class=\"text_exposed_show\">e e dimostrare che ci sei; non sono mancate le sorprese e nemmeno le conferme, ci sono stati riscatti, e infine tante medaglie.<br \/>\nQueste le nostre ginnaste\u00a0chiamate in premiazione:<br \/>\n&#8211; Chiara Leardini 18^ classificata nella classifica\u00a0generale in prima Categoria Allieve<br \/>\n&#8211; In 3^ Specialit\u00e0 : Alice Linari &#8211; Argento al Volteggio<br \/>\nGiulia Massimi 4^ posto a trave<br \/>\nAlice Denti 5^ posto al corpo libero<br \/>\n&#8211; 4^ Categoria Junior: Elisa Ortolani viene premiata come 6^ posto nella classifica generale e si porta casa 2 medaglie, un argento nel volteggio e un bronzo al corpo libero<br \/>\n&#8211; 5^ Categoria Senior : medaglia d&#8217;oro per Chiara Temellini al corpo libero, mentre al Volteggio arriva un argento a Laura Sanchini e un bronzo a Chiara.<\/span><\/em><\/p>\n<div class=\"text_exposed_show\">\n<p><em>Un grazie a\u00a0Chiara Leardini, Margherita Facondini, Vanessa Casadei, Nausicaa Maioli, Giulia Piccari, Alice Denti, Alice Linari, Manuela Po Baldrighi, Sofia Tenti, Giulia Massimi, Virginia Cecchini, Elisa Ortolani, Chiara Temellini, Laura Sanchini, Lucrezia Saioni, Giorgia Castaldo, Noemi Guidi&#8221;.<\/em><\/p>\n<\/div>\n","protected":false},"excerpt":{"rendered":"<p>[singlepic id=1065 w= h= float=left]Torino capitale. Nel 2016 si \u00e8 tornati agli albori dell&#8217;unit\u00e0 nazionale e la ginnastica ne \u00e8 stato il motivo. Una giustificazione\u00a0a noi molto cara. Lo sport in genere mostra un p\u00f2 anche quello che \u00e8 l&#8217;identit\u00e0 nazionale, quanto una nazione ci tiene al movimento delle diverse discipline e la ginnastica artistica [&hellip;]<\/p>\n","protected":false},"author":2,"featured_media":0,"comment_status":"closed","ping_status":"open","sticky":false,"template":"","format":"standard","meta":{"_et_pb_use_builder":"","_et_pb_old_content":"","_et_gb_content_width":"","footnotes":""},"categories":[13],"tags":[],"_links":{"self":[{"href":"https:\/\/www.atletica75.it\/wp2\/wp-json\/wp\/v2\/posts\/3978"}],"collection":[{"href":"https:\/\/www.atletica75.it\/wp2\/wp-json\/wp\/v2\/posts"}],"about":[{"href":"https:\/\/www.atletica75.it\/wp2\/wp-json\/wp\/v2\/types\/post"}],"author":[{"embeddable":true,"href":"https:\/\/www.atletica75.it\/wp2\/wp-json\/wp\/v2\/users\/2"}],"replies":[{"embeddable":true,"href":"https:\/\/www.atletica75.it\/wp2\/wp-json\/wp\/v2\/comments?post=3978"}],"version-history":[{"count":0,"href":"https:\/\/www.atletica75.it\/wp2\/wp-json\/wp\/v2\/posts\/3978\/revisions"}],"wp:attachment":[{"href":"https:\/\/www.atletica75.it\/wp2\/wp-json\/wp\/v2\/media?parent=3978"}],"wp:term":[{"taxonomy":"category","embeddable":true,"href":"https:\/\/www.atletica75.it\/wp2\/wp-json\/wp\/v2\/categories?post=3978"},{"taxonomy":"post_tag","embeddable":true,"href":"https:\/\/www.atletica75.it\/wp2\/wp-json\/wp\/v2\/tags?post=3978"}],"curies":[{"name":"wp","href":"https:\/\/api.w.org\/{rel}","templated":true}]}}