{"id":4034,"date":"2016-07-06T13:04:46","date_gmt":"2016-07-06T13:04:46","guid":{"rendered":"http:\/\/www.atletica75.it\/?p=4034"},"modified":"2016-07-06T13:04:46","modified_gmt":"2016-07-06T13:04:46","slug":"paolo-e-francesca-podisti-per-una-sera","status":"publish","type":"post","link":"https:\/\/www.atletica75.it\/wp2\/2016\/07\/06\/paolo-e-francesca-podisti-per-una-sera\/","title":{"rendered":"Paolo e Francesca&#8230;podisti per una sera"},"content":{"rendered":"<p><a href=\"https:\/\/www.atletica75.it\/wp2\/wp-content\/uploads\/2011\/10\/gradara.jpg\"><img decoding=\"async\" loading=\"lazy\" class=\"alignleft size-medium wp-image-1377\" src=\"https:\/\/www.atletica75.it\/wp2\/wp-content\/uploads\/2011\/10\/gradara-300x151.jpg\" alt=\"gradara\" width=\"300\" height=\"151\" \/><\/a>&#8220;Innamorati della corsa&#8221;, l&#8217;attinenza tra i due amanti pi\u00f9 famosi della storia e la sezione podismo dell&#8217;Atletica 75 ci sta tutta!!! La passione (seppur diversa) \u00e8 dilagante in entrambi i casi. Venerd\u00ec sera a Gradara l&#8217;unione verr\u00e0 compiuta con la podistica denominata Assedio al Castello, 9 km di misti collinari da far perdere la testa. L&#8217;evento promosso dal Comune di Gradara con la collaborazione targata Atletica 75 \u00e8 inserito nel calendario podistico estivo. Appuntamento a tutti 8 luglio ritrovo ore 19 in Via Cappuccini. Che la corsa sia con voi.<\/p>\n<p>Info nell&#8217;allegato qui a fianco <a href=\"https:\/\/www.atletica75.it\/wp2\/wp-content\/uploads\/2016\/07\/Locandina-Podistica-Gradara.pdf\">Locandina Podistica Gradara<\/a><\/p>\n","protected":false},"excerpt":{"rendered":"<p>&#8220;Innamorati della corsa&#8221;, l&#8217;attinenza tra i due amanti pi\u00f9 famosi della storia e la sezione podismo dell&#8217;Atletica 75 ci sta tutta!!! La passione (seppur diversa) \u00e8 dilagante in entrambi i casi. Venerd\u00ec sera a Gradara l&#8217;unione verr\u00e0 compiuta con la podistica denominata Assedio al Castello, 9 km di misti collinari da far perdere la testa. [&hellip;]<\/p>\n","protected":false},"author":2,"featured_media":0,"comment_status":"closed","ping_status":"open","sticky":false,"template":"","format":"standard","meta":{"_et_pb_use_builder":"","_et_pb_old_content":"","_et_gb_content_width":"","footnotes":""},"categories":[14],"tags":[],"_links":{"self":[{"href":"https:\/\/www.atletica75.it\/wp2\/wp-json\/wp\/v2\/posts\/4034"}],"collection":[{"href":"https:\/\/www.atletica75.it\/wp2\/wp-json\/wp\/v2\/posts"}],"about":[{"href":"https:\/\/www.atletica75.it\/wp2\/wp-json\/wp\/v2\/types\/post"}],"author":[{"embeddable":true,"href":"https:\/\/www.atletica75.it\/wp2\/wp-json\/wp\/v2\/users\/2"}],"replies":[{"embeddable":true,"href":"https:\/\/www.atletica75.it\/wp2\/wp-json\/wp\/v2\/comments?post=4034"}],"version-history":[{"count":0,"href":"https:\/\/www.atletica75.it\/wp2\/wp-json\/wp\/v2\/posts\/4034\/revisions"}],"wp:attachment":[{"href":"https:\/\/www.atletica75.it\/wp2\/wp-json\/wp\/v2\/media?parent=4034"}],"wp:term":[{"taxonomy":"category","embeddable":true,"href":"https:\/\/www.atletica75.it\/wp2\/wp-json\/wp\/v2\/categories?post=4034"},{"taxonomy":"post_tag","embeddable":true,"href":"https:\/\/www.atletica75.it\/wp2\/wp-json\/wp\/v2\/tags?post=4034"}],"curies":[{"name":"wp","href":"https:\/\/api.w.org\/{rel}","templated":true}]}}