{"id":4039,"date":"2016-07-18T13:30:55","date_gmt":"2016-07-18T13:30:55","guid":{"rendered":"http:\/\/www.atletica75.it\/?p=4039"},"modified":"2022-08-20T23:38:07","modified_gmt":"2022-08-20T23:38:07","slug":"mastabon-summer-camp-2016-edizione-zero","status":"publish","type":"post","link":"https:\/\/www.atletica75.it\/wp2\/2016\/07\/18\/mastabon-summer-camp-2016-edizione-zero\/","title":{"rendered":"Mastabon Summer Camp 2016, edizione &#8220;zero&#8221;"},"content":{"rendered":"<p>[singlepic id=1085 w= h= float=left]Una telefonata tra colleghi, una delle tante. Un\u00a0evento da disdire\u00a0lascia spazio ad altra un&#8217;idea, un&#8217;idea che porta nuovo entusiasmo. Ci vuole ogni tanto. &#8220;Azzardiamo? Dai proviamo a contattare qualcuno degli altri. Se va male al limite stai da me tre giorni al mare. Ok io chiamo la Marti\u00a0e tu\u00a0Riccardo. Riaggiorniamoci domani&#8221;. E dopo due giorni si materializza il Mastabon Summer Camp 2016, l&#8217;<strong>edizione zero<\/strong>. &#8220;Ma perch\u00e9 zero scusa? Eh perch\u00e9 di una\u00a0prova non si ricorda nessuno se viene una cavolata! L&#8217;edizione\u00a01 dobbiamo meritarcela&#8221;.<!--more--><\/p>\n<p>Cos\u00ec l&#8217;Atletica 75 riparte in questa estate da tre giorni di allenamenti collegiali dedicati al <span style=\"text-decoration: underline;\"><strong>Salto con l&#8217;asta<\/strong><\/span>. Con il bel\u00a0contributo di un blasonato tecnico nazionale amico della nostra societ\u00e0, da mercoled\u00ec 20 a venerd\u00ec 22 luglio presso lo Stadio Comunale un bel gruppo di saltatori si confronter\u00e0 con\u00a0tecnica e condizionamento specifico. Anche gli allenatori\u00a0avranno la possibilit\u00e0 di scambiarsi idee, esercizi, video, programmi. Insomma si torna a scuola per 72 ore, una full immersion per tutti in questa fantastica disciplina.<\/p>\n<p>Gli appassionati e\u00a0i semplici curiosi gioved\u00ec alle ore 18.30 potranno assistere ad una gara vera e propria, potranno applaudire le evoluzioni aeree di questi ragazzi.<\/p>\n<p>Appuntamento a mercoled\u00ec per la prima giornata !!! In bocca al lupo a noi.<\/p>\n","protected":false},"excerpt":{"rendered":"<p>[singlepic id=1085 w= h= float=left]Una telefonata tra colleghi, una delle tante. Un\u00a0evento da disdire\u00a0lascia spazio ad altra un&#8217;idea, un&#8217;idea che porta nuovo entusiasmo. Ci vuole ogni tanto. &#8220;Azzardiamo? Dai proviamo a contattare qualcuno degli altri. Se va male al limite stai da me tre giorni al mare. Ok io chiamo la Marti\u00a0e tu\u00a0Riccardo. Riaggiorniamoci domani&#8221;. [&hellip;]<\/p>\n","protected":false},"author":2,"featured_media":0,"comment_status":"closed","ping_status":"open","sticky":false,"template":"","format":"standard","meta":{"_et_pb_use_builder":"","_et_pb_old_content":"","_et_gb_content_width":"","footnotes":""},"categories":[10,17],"tags":[],"_links":{"self":[{"href":"https:\/\/www.atletica75.it\/wp2\/wp-json\/wp\/v2\/posts\/4039"}],"collection":[{"href":"https:\/\/www.atletica75.it\/wp2\/wp-json\/wp\/v2\/posts"}],"about":[{"href":"https:\/\/www.atletica75.it\/wp2\/wp-json\/wp\/v2\/types\/post"}],"author":[{"embeddable":true,"href":"https:\/\/www.atletica75.it\/wp2\/wp-json\/wp\/v2\/users\/2"}],"replies":[{"embeddable":true,"href":"https:\/\/www.atletica75.it\/wp2\/wp-json\/wp\/v2\/comments?post=4039"}],"version-history":[{"count":1,"href":"https:\/\/www.atletica75.it\/wp2\/wp-json\/wp\/v2\/posts\/4039\/revisions"}],"predecessor-version":[{"id":7357,"href":"https:\/\/www.atletica75.it\/wp2\/wp-json\/wp\/v2\/posts\/4039\/revisions\/7357"}],"wp:attachment":[{"href":"https:\/\/www.atletica75.it\/wp2\/wp-json\/wp\/v2\/media?parent=4039"}],"wp:term":[{"taxonomy":"category","embeddable":true,"href":"https:\/\/www.atletica75.it\/wp2\/wp-json\/wp\/v2\/categories?post=4039"},{"taxonomy":"post_tag","embeddable":true,"href":"https:\/\/www.atletica75.it\/wp2\/wp-json\/wp\/v2\/tags?post=4039"}],"curies":[{"name":"wp","href":"https:\/\/api.w.org\/{rel}","templated":true}]}}