{"id":4069,"date":"2016-08-02T12:33:40","date_gmt":"2016-08-02T12:33:40","guid":{"rendered":"http:\/\/www.atletica75.it\/?p=4069"},"modified":"2016-08-02T12:33:40","modified_gmt":"2016-08-02T12:33:40","slug":"trenta-giorni-di-pausa-agonistica","status":"publish","type":"post","link":"https:\/\/www.atletica75.it\/wp2\/2016\/08\/02\/trenta-giorni-di-pausa-agonistica\/","title":{"rendered":"Trenta giorni di pausa agonistica"},"content":{"rendered":"<p><a href=\"https:\/\/www.atletica75.it\/wp2\/wp-content\/uploads\/2011\/02\/A75-cena-sociale-2010-3874.jpg\"><img decoding=\"async\" loading=\"lazy\" class=\"alignleft size-medium wp-image-866\" src=\"https:\/\/www.atletica75.it\/wp2\/wp-content\/uploads\/2011\/02\/A75-cena-sociale-2010-3874-300x199.jpg\" alt=\"A75 cena sociale 2010-3874\" width=\"300\" height=\"199\" \/><\/a>Trenta giorni, un mese. Il periodo del riposo dalle competizioni \u00e8 arrivato come ogni anno. Riposo agonistico si fa per dire perch\u00e9 le nostre menti e i nostri cuori sono rivolti all&#8217;altra parte del mondo, al Sudamerica, al Brasile, a Rio de Janeiro, al sogno di tutti gli sportivi: l&#8217;Olimpiade.\u00a0Le nostre ginnaste staccheranno la spina fino al 25 di agosto mentre i ragazzi dell&#8217;atletica leggera si alleneranno a regime<!--more--> ridotto in vista degli appuntamenti di inizio settembre. Trenta giorni, un mese. Riposo significa rigenerazione fisica, ricarica mentale, svago con gli amici, mare e vacanze. Anche momenti in cui riorganizzare i propri obiettivi e i propri sogni.<\/p>\n<p>La passione per la Regina ( atletica) e per la Duchessa (ginnastica) dello sport \u00e8 per\u00f2 intramontabile, due energie che se ti prendono non ti mollano pi\u00f9. Dunque \u00e8 difficile staccare del tutto !!!<\/p>\n<p>Ora tutti di fronte all TV per la cerimonia olimpica inaugurale del 5 agosto alle ore 20 locali (le 01.00 di sabato 6 agosto in Italia). Dai siti federali FGI e FIDAL apprendiamo che la Rai dar\u00e0 massima copertura dell&#8217;evento e soprattutto Rai 2 sar\u00e0 la rete\u00a0olimpica.<\/p>\n<p>#RiodeJaneiroOlympicGamescomingsoon<\/p>\n","protected":false},"excerpt":{"rendered":"<p>Trenta giorni, un mese. Il periodo del riposo dalle competizioni \u00e8 arrivato come ogni anno. Riposo agonistico si fa per dire perch\u00e9 le nostre menti e i nostri cuori sono rivolti all&#8217;altra parte del mondo, al Sudamerica, al Brasile, a Rio de Janeiro, al sogno di tutti gli sportivi: l&#8217;Olimpiade.\u00a0Le nostre ginnaste staccheranno la spina [&hellip;]<\/p>\n","protected":false},"author":2,"featured_media":0,"comment_status":"closed","ping_status":"open","sticky":false,"template":"","format":"standard","meta":{"_et_pb_use_builder":"","_et_pb_old_content":"","_et_gb_content_width":"","footnotes":""},"categories":[10,13],"tags":[],"_links":{"self":[{"href":"https:\/\/www.atletica75.it\/wp2\/wp-json\/wp\/v2\/posts\/4069"}],"collection":[{"href":"https:\/\/www.atletica75.it\/wp2\/wp-json\/wp\/v2\/posts"}],"about":[{"href":"https:\/\/www.atletica75.it\/wp2\/wp-json\/wp\/v2\/types\/post"}],"author":[{"embeddable":true,"href":"https:\/\/www.atletica75.it\/wp2\/wp-json\/wp\/v2\/users\/2"}],"replies":[{"embeddable":true,"href":"https:\/\/www.atletica75.it\/wp2\/wp-json\/wp\/v2\/comments?post=4069"}],"version-history":[{"count":0,"href":"https:\/\/www.atletica75.it\/wp2\/wp-json\/wp\/v2\/posts\/4069\/revisions"}],"wp:attachment":[{"href":"https:\/\/www.atletica75.it\/wp2\/wp-json\/wp\/v2\/media?parent=4069"}],"wp:term":[{"taxonomy":"category","embeddable":true,"href":"https:\/\/www.atletica75.it\/wp2\/wp-json\/wp\/v2\/categories?post=4069"},{"taxonomy":"post_tag","embeddable":true,"href":"https:\/\/www.atletica75.it\/wp2\/wp-json\/wp\/v2\/tags?post=4069"}],"curies":[{"name":"wp","href":"https:\/\/api.w.org\/{rel}","templated":true}]}}