{"id":4223,"date":"2016-10-17T09:25:12","date_gmt":"2016-10-17T09:25:12","guid":{"rendered":"http:\/\/www.atletica75.it\/?p=4223"},"modified":"2016-10-17T09:25:12","modified_gmt":"2016-10-17T09:25:12","slug":"trofeo-province-2016","status":"publish","type":"post","link":"https:\/\/www.atletica75.it\/wp2\/2016\/10\/17\/trofeo-province-2016\/","title":{"rendered":"Trofeo Province 2016"},"content":{"rendered":"<p>[singlepic id=1099 w= h= float=left]Cattolica ritorna dopo cinque anni\u00a0ad essere la capitale giovanile dell&#8217;atletica regionale. Il Trofeo delle Province \u00e8 stata l&#8217;occasione. Manifestazione per squadre provinciali nata nel 2005, negli anni ha riscosso sempre pi\u00f9 successo tra le societ\u00e0 emiliano-romagnole, un evento giovanile di fine stagione molto sentito. L&#8217;Atletica 75 \u00e8 da sempre parte integrante <!--more-->della squadra di Rimini e lo \u00e8 stata anche come organizzazione questa volta. Complice la giornata di sole, le cose sono filate lisce come l&#8217;olio e ci sono stati persino due record regionali della categoria Ragazzi (12\/13 anni). Un risultato importante viene anche\u00a0da una nostra portacolori, Olivia Maltoni, che reduce da un ottimo Campionato Nazionale non si \u00e8 accontentata e ha centrato il record personale con 44,31. La pedana di casa si conferma un buon portafortuna. La classifica finale per rappresentative conferma Bologna sul gradino pi\u00f9 alto del podio, Parma e Modena in leggera flessione, Forl\u00ec\/Cesena in ripresa e Rimini stabile al sesto posto.<\/p>\n<p>La nota positiva \u00e8, come sempre, il coinvolgimento della dirigenza e degli atleti pi\u00f9 grandi nella preparazione e nella gestione della gara. Si consolida\u00a0l&#8217;obiettivo di fare in modo che qualsiasi evento che passa a Cattolica sia un evento vissuto positivamente per chi arriva da fuori ma soprattutto divertente e stimolante per chi vive la nostra societ\u00e0. Spostare ostacoli e blocchi di partenza in compagnia non \u00e8 poi\u00a0cos\u00ec\u00a0faticoso!!!<\/p>\n","protected":false},"excerpt":{"rendered":"<p>[singlepic id=1099 w= h= float=left]Cattolica ritorna dopo cinque anni\u00a0ad essere la capitale giovanile dell&#8217;atletica regionale. Il Trofeo delle Province \u00e8 stata l&#8217;occasione. Manifestazione per squadre provinciali nata nel 2005, negli anni ha riscosso sempre pi\u00f9 successo tra le societ\u00e0 emiliano-romagnole, un evento giovanile di fine stagione molto sentito. L&#8217;Atletica 75 \u00e8 da sempre parte integrante<\/p>\n","protected":false},"author":2,"featured_media":0,"comment_status":"closed","ping_status":"open","sticky":false,"template":"","format":"standard","meta":{"_et_pb_use_builder":"","_et_pb_old_content":"","_et_gb_content_width":"","footnotes":""},"categories":[10],"tags":[],"_links":{"self":[{"href":"https:\/\/www.atletica75.it\/wp2\/wp-json\/wp\/v2\/posts\/4223"}],"collection":[{"href":"https:\/\/www.atletica75.it\/wp2\/wp-json\/wp\/v2\/posts"}],"about":[{"href":"https:\/\/www.atletica75.it\/wp2\/wp-json\/wp\/v2\/types\/post"}],"author":[{"embeddable":true,"href":"https:\/\/www.atletica75.it\/wp2\/wp-json\/wp\/v2\/users\/2"}],"replies":[{"embeddable":true,"href":"https:\/\/www.atletica75.it\/wp2\/wp-json\/wp\/v2\/comments?post=4223"}],"version-history":[{"count":0,"href":"https:\/\/www.atletica75.it\/wp2\/wp-json\/wp\/v2\/posts\/4223\/revisions"}],"wp:attachment":[{"href":"https:\/\/www.atletica75.it\/wp2\/wp-json\/wp\/v2\/media?parent=4223"}],"wp:term":[{"taxonomy":"category","embeddable":true,"href":"https:\/\/www.atletica75.it\/wp2\/wp-json\/wp\/v2\/categories?post=4223"},{"taxonomy":"post_tag","embeddable":true,"href":"https:\/\/www.atletica75.it\/wp2\/wp-json\/wp\/v2\/tags?post=4223"}],"curies":[{"name":"wp","href":"https:\/\/api.w.org\/{rel}","templated":true}]}}