{"id":4249,"date":"2016-10-30T10:10:36","date_gmt":"2016-10-30T10:10:36","guid":{"rendered":"http:\/\/www.atletica75.it\/?p=4249"},"modified":"2016-10-30T10:10:36","modified_gmt":"2016-10-30T10:10:36","slug":"la-podistica-di-gabicce-mare-segnatevi-il-13-novembre","status":"publish","type":"post","link":"https:\/\/www.atletica75.it\/wp2\/2016\/10\/30\/la-podistica-di-gabicce-mare-segnatevi-il-13-novembre\/","title":{"rendered":"La podistica di Gabicce Mare: segnatevi il 13 novembre!!!"},"content":{"rendered":"<p><a href=\"https:\/\/www.atletica75.it\/wp2\/wp-content\/uploads\/2014\/05\/piedipodismo.jpg\"><img decoding=\"async\" loading=\"lazy\" class=\"alignleft size-medium wp-image-3057\" src=\"https:\/\/www.atletica75.it\/wp2\/wp-content\/uploads\/2014\/05\/piedipodismo-300x225.jpg\" alt=\"piedipodismo\" width=\"300\" height=\"225\" \/><\/a>E&#8217; gi\u00e0 novembre. Pare ieri che erano in fermento i preparativi per la classica corsa podistica autunnale del 2015. Il tempo vola, vola come tanti corridori appassionati\u00a0che macinano una infinita di chilometri, vola come\u00a0un piede che appena tocca l&#8217;asfalto \u00e8\u00a0gi\u00e0 pronto a godersi l&#8217;appoggio successivo, vola come gli anni che separano il 1975 dal 2016. Gli inizi sono duri, duri da morire, ma se sono pieni di passione e voglia di fare tutto scorre nel migliore dei modi. L&#8217;oggi \u00e8 altrettanto duro, duro da morire, ma \u00e8 pieno di nuovo entusiasmo, quell&#8217;entusiasmo che domina il rinfoltito gruppo organizzativo della sezione Podismo dell&#8217; Atletica 75.<\/p>\n<p><strong>Domenica 13 novembre<\/strong> sar\u00e0 una grande domenica. La corsa su strada inserita nei<!--more--> calendari ufficiali della UISP si arricchisce di tanti amici, quelli del trail, quelli delle due ruote, gli amici della Scuola. Gi\u00e0, la vera novit\u00e0 \u00e8 il coinvolgimento del <strong>mondo scolastico<\/strong> con un&#8217;obiettivo: dare una opportunit\u00e0 in pi\u00f9 di conoscere lo\u00a0sport al di fuori del contesto didattico. Viene sempre il momento in cui la vera scuola diventa la vita, se si hanno gi\u00e0 le esperienze adatte \u00e8 pi\u00f9 facile scegliere l&#8217;attivit\u00e0 che \u00e8 meglio per s\u00e9 stessi. Come principio crediamo che lo sport ci possa accompagnare in tutto, che faccia parte delle nostre abitudini. Ci proviamo attraverso la corsa, l&#8217;atletica in generale. E cos\u00ec sar\u00e0. Ci saranno premi in natura ai singoli plessi scolastici, materiale da utilizzare gi\u00e0 dalla settimana successiva.<\/p>\n<p>E&#8217; gi\u00e0 in cantiere l&#8217;allestimento di un piccolo villaggio atletico di accoglienza per alunni e famiglie (per tutti ovviamente!!!) posto dietro al palazzo comunale di Gabicce Mare. Sar\u00e0 possibile cimentarsi con lanci e ostacoli anche dopo aver fatto una bella corsetta per le vie della citt\u00e0. D&#8217;altronde le energie ci sono eccome per partecipare ad una sorta di prove multiple dell&#8217;atletica. Energie che si potranno trovare anche sul posto servendosi al punto di ristoro.<\/p>\n<p>La festa \u00e8 garantita. Il tempo (meteo) speriamo ci assista.<\/p>\n","protected":false},"excerpt":{"rendered":"<p>E&#8217; gi\u00e0 novembre. Pare ieri che erano in fermento i preparativi per la classica corsa podistica autunnale del 2015. Il tempo vola, vola come tanti corridori appassionati\u00a0che macinano una infinita di chilometri, vola come\u00a0un piede che appena tocca l&#8217;asfalto \u00e8\u00a0gi\u00e0 pronto a godersi l&#8217;appoggio successivo, vola come gli anni che separano il 1975 dal 2016. [&hellip;]<\/p>\n","protected":false},"author":2,"featured_media":0,"comment_status":"closed","ping_status":"open","sticky":false,"template":"","format":"standard","meta":{"_et_pb_use_builder":"","_et_pb_old_content":"","_et_gb_content_width":"","footnotes":""},"categories":[14],"tags":[],"_links":{"self":[{"href":"https:\/\/www.atletica75.it\/wp2\/wp-json\/wp\/v2\/posts\/4249"}],"collection":[{"href":"https:\/\/www.atletica75.it\/wp2\/wp-json\/wp\/v2\/posts"}],"about":[{"href":"https:\/\/www.atletica75.it\/wp2\/wp-json\/wp\/v2\/types\/post"}],"author":[{"embeddable":true,"href":"https:\/\/www.atletica75.it\/wp2\/wp-json\/wp\/v2\/users\/2"}],"replies":[{"embeddable":true,"href":"https:\/\/www.atletica75.it\/wp2\/wp-json\/wp\/v2\/comments?post=4249"}],"version-history":[{"count":0,"href":"https:\/\/www.atletica75.it\/wp2\/wp-json\/wp\/v2\/posts\/4249\/revisions"}],"wp:attachment":[{"href":"https:\/\/www.atletica75.it\/wp2\/wp-json\/wp\/v2\/media?parent=4249"}],"wp:term":[{"taxonomy":"category","embeddable":true,"href":"https:\/\/www.atletica75.it\/wp2\/wp-json\/wp\/v2\/categories?post=4249"},{"taxonomy":"post_tag","embeddable":true,"href":"https:\/\/www.atletica75.it\/wp2\/wp-json\/wp\/v2\/tags?post=4249"}],"curies":[{"name":"wp","href":"https:\/\/api.w.org\/{rel}","templated":true}]}}