{"id":4323,"date":"2017-01-16T14:02:42","date_gmt":"2017-01-16T14:02:42","guid":{"rendered":"http:\/\/www.atletica75.it\/?p=4323"},"modified":"2017-01-16T14:02:42","modified_gmt":"2017-01-16T14:02:42","slug":"fine-settimana-entusiasmante-nella-citta-dorica","status":"publish","type":"post","link":"https:\/\/www.atletica75.it\/wp2\/2017\/01\/16\/fine-settimana-entusiasmante-nella-citta-dorica\/","title":{"rendered":"Fine settimana entusiasmante nella citt\u00e0 dorica"},"content":{"rendered":"<p>[singlepic id=1113 w= h= float=left]Due giorni di concentrazione, preoccupazione da esordio, carica emotiva, voglia di riscatto, semplicit\u00e0. Tutto in 48 ore. Al meeting nazionale del\u00a0Palaindoor di Ancona corse, salti e lanci hanno mostrato tanto di buono. <strong>Sabato pomeriggio<\/strong> inizio col botto per una <!--more-->cattolichina acquisita, Sara Porfiri, tesserata Avis Macerata, che da due anni si allena col nostro gruppo: record personale nei <span style=\"text-decoration: underline;\">60 ostacoli<\/span> di 8&#8243;94, a soli 10 centesimi dal minimo per i Campionati Assoluti. L&#8217;altra ostacolista, Michela Massari si cimenta nel lungo e ottiene un buon 5,15; la attendiamo in pista sulle barriere. Buona misura sempre nel <span style=\"text-decoration: underline;\">salto in lungo<\/span> anche Vale Albertini, 4,10 con discreta determinazione. Dalla pedana di <span style=\"text-decoration: underline;\">asta maschile<\/span> buoni segnali per il neo tesserato Atletica 75, Luca Ricchiuti, che conferma con 3,60 una forma in crescita. Il suo compagno Enrico Pani, che tenta la carriera da saltatore nel 2017, incoccia in tre nulli, cosa che accade spesso agli astisti, quindi niente paura, le sue doti usciranno allo scoperto ben presto. Un balzo alle altre gare di corsa. <span style=\"text-decoration: underline;\">800 metri<\/span>: Chiara Casadei prova le sensazioni su questa distanza nuova e fa segnare 3&#8217;00&#8243;57 in una gara\u00a0abbastanza veloce (2&#8217;10&#8243;15 la vincitrice). <span style=\"text-decoration: underline;\">200 metri uomini<\/span>: 26&#8243;10 per &#8220;Nico Batti&#8221;, un bel 24&#8243;31 per Fede Cerri che vince la sua serie. Ancora fastidi fisici limitano Albi Casadei che arriva passeggiando in 26&#8243;81. <span style=\"text-decoration: underline;\">200 metri donne<\/span>: 28&#8243;42 per la rinata Gloria Aguzzi che finisce seconda nella sua serie a solo un centesimo dalla prima. Seconda piazza di serie\u00a0anche per Alessandra Fraternali Meloni con 30&#8243;38. Sveglia presto la <strong>domenica mattina<\/strong> per Yan Rhozov, Riccardo Flamigni e Anita Bartolini. Stra-vince quest&#8217;ultima, la pesista cadetta che nel <span style=\"text-decoration: underline;\">getto della &#8220;palla&#8221; da 3 kg<\/span> registra un imprendibile 12,36, bordata che la attesta in cima\u00a0alle graduatorie regionali. I due corridori della categoria Ragazzi invece sorprendono: nei <span style=\"text-decoration: underline;\">600 metri<\/span> terzo posto per Yan con 1&#8217;47&#8243;27 e sesta piazza per Richi con 1&#8217;56&#8243;87, entrambi i tempi primati personali. La prima auto delle <strong>gare pomeridiane della domenica<\/strong> arriva alle 14,30 in tempo per effettuare un riscaldamento adatto. Nei <span style=\"text-decoration: underline;\">60 piani<\/span> si riscatta alla grande Nico Batti che sgretola il tempo del 2016 e mette nero su bianco 7&#8243;68. Nella batteria dei pi\u00f9 veloci non poteva mancare Alex Pagnini, veterano delle piste che con 7&#8243;01 avvicina ancor di pi\u00f9 il minimo per gli Assoluti (6&#8243;92): la partenza \u00e8 discutibile con un errore grossolano nella sistemazione sul segnale di &#8220;pronti&#8221;ma l&#8217;accelerazione \u00e8 poderosa, quasi a riprendere il vincitore che fa registrare 6&#8243;91. Ne vedremo delle belle alla prossima. <span style=\"text-decoration: underline;\">400<\/span> <span style=\"text-decoration: underline;\">metri uomini<\/span>: ancora Alex che vince in 49&#8243;06 e Fede Cerri che si conferma anche su questa distanza con 55&#8243;43. Calo ai 300 metri invece per l&#8217;esordiente Lorenzo Giovannini partito con un passo troppo veloce. 5&#8217;14&#8243;23 per Paci Tommaso, altro neofita della pista in tartan, nei 1500 metri, distanza non proprio sua ma che lo aiuter\u00e0 nei\u00a0cambi di ritmo sulle gare pi\u00f9 lunghe. Nell&#8217;<span style=\"text-decoration: underline;\">asta femminile<\/span> 2,20 per Valentina D&#8217;Altilia che deve ancora rompere il ghiaccio un altro pochino per far emergere ci\u00f2 che sa fare. Altra cattolichina d&#8217;adozione ma di passaporto sammarinese, Martina Muraccini, sale sul terzo gradino del podio con 3,20 e ampio margine di elevazione.<\/p>\n","protected":false},"excerpt":{"rendered":"<p>[singlepic id=1113 w= h= float=left]Due giorni di concentrazione, preoccupazione da esordio, carica emotiva, voglia di riscatto, semplicit\u00e0. Tutto in 48 ore. Al meeting nazionale del\u00a0Palaindoor di Ancona corse, salti e lanci hanno mostrato tanto di buono. Sabato pomeriggio inizio col botto per una<\/p>\n","protected":false},"author":2,"featured_media":0,"comment_status":"closed","ping_status":"open","sticky":false,"template":"","format":"standard","meta":{"_et_pb_use_builder":"","_et_pb_old_content":"","_et_gb_content_width":"","footnotes":""},"categories":[10],"tags":[],"_links":{"self":[{"href":"https:\/\/www.atletica75.it\/wp2\/wp-json\/wp\/v2\/posts\/4323"}],"collection":[{"href":"https:\/\/www.atletica75.it\/wp2\/wp-json\/wp\/v2\/posts"}],"about":[{"href":"https:\/\/www.atletica75.it\/wp2\/wp-json\/wp\/v2\/types\/post"}],"author":[{"embeddable":true,"href":"https:\/\/www.atletica75.it\/wp2\/wp-json\/wp\/v2\/users\/2"}],"replies":[{"embeddable":true,"href":"https:\/\/www.atletica75.it\/wp2\/wp-json\/wp\/v2\/comments?post=4323"}],"version-history":[{"count":0,"href":"https:\/\/www.atletica75.it\/wp2\/wp-json\/wp\/v2\/posts\/4323\/revisions"}],"wp:attachment":[{"href":"https:\/\/www.atletica75.it\/wp2\/wp-json\/wp\/v2\/media?parent=4323"}],"wp:term":[{"taxonomy":"category","embeddable":true,"href":"https:\/\/www.atletica75.it\/wp2\/wp-json\/wp\/v2\/categories?post=4323"},{"taxonomy":"post_tag","embeddable":true,"href":"https:\/\/www.atletica75.it\/wp2\/wp-json\/wp\/v2\/tags?post=4323"}],"curies":[{"name":"wp","href":"https:\/\/api.w.org\/{rel}","templated":true}]}}