{"id":4388,"date":"2017-02-05T19:11:45","date_gmt":"2017-02-05T19:11:45","guid":{"rendered":"http:\/\/www.atletica75.it\/?p=4388"},"modified":"2017-02-05T19:11:45","modified_gmt":"2017-02-05T19:11:45","slug":"trofeo-emilia-romagna-fgi","status":"publish","type":"post","link":"https:\/\/www.atletica75.it\/wp2\/2017\/02\/05\/trofeo-emilia-romagna-fgi\/","title":{"rendered":"Trofeo Emilia Romagna &#8211; FGI"},"content":{"rendered":"<p>[singlepic id=1121 w= h= float=left]Il 5 febbraio 2017 sar\u00e0 una giornata da mettere in calendario. Non tanto per i risultati ottenuti dalle nostre piccolissime ginnaste, soprattutto perch\u00e9 l&#8217;emozione della prima volta non si dimentica davvero mai. Anche a distanza di anni. Pensate al giorno della vigilia. Pensieri su come sar\u00e0 il campo gara, chi saranno le sfidanti, la preparazione dello zainetto&#8230;un&#8217;influenza inattesa&#8230;l&#8217;ultima prova del body<!--more--> sotto gli occhi compiaciuti dei genitori, orgogliosi di questa nuova esperienza, di questo percorso sportivo che segner\u00e0 le personalit\u00e0 delle bimbe. Come sar\u00e0 stato quello delle sei esordienti dell&#8217;Atletica 75? Emma Petese, Chiara Bacchini, Sabrina Zangheri, Amaranta D&#8217;Andrea, Sofia Tombari, Sara Vannoni si sono strette intorno ad Elisa Gaspari&#8230;purtroppo l&#8217;influenza inattesa&#8230;del &#8220;settebello biancazzurro&#8221; che \u00e8 dovuta rimanere a casa.<\/p>\n<p>Il Trofeo regionale \u00e8 una manifestazione promozionale abbastanza recente che \u00e8 riservata a\u00a0quelle ginnaste che ancora non hanno compiuto gli 8 anni, et\u00e0 limite per le gare federali vere e proprie. Due fasi previste, a Pianoro (BO) la prova odierna e a Traversetolo (PR) il secondo appuntamento a fine marzo.<\/p>\n<p>Adrenalina a mille stamattina, un &#8220;ehi come spinge sta pedana!!!&#8221;, l&#8217;urlo convinto delle bimbe in riscaldamento. Per tutte 3 attrezzi da eseguire su 5 disponibili, di libera scelta: volteggio, trampolino, trave, parallele e copro libero. Le nostre si sono gettate con determinazione su volteggio, trave e trampolino tranne Sabrina che ha cambiato quest&#8217;ultimo attrezzo con le difficili parallele.\u00a0Soddisfazioni e arrabbiature\u00a0durante l&#8217;esecuzione ai singoli attrezzi ma in generale la tensione \u00e8 stata domata egregiamente; si poteva fare certamente un p\u00f2 meglio (la ginnastica non fa sconti a nessuno!) ma il lavoro settimanale \u00e8 sulla buona strada e le bimbe hanno dimostrato sicurezza dei mezzi attualmente a disposizione.<\/p>\n<p>La classifica generale\u00a0delle 10 migliori recita cos\u00ec:\u00a0\u00a09^ posto per Emma, 4^ per Chiara e 3^ per Amaranta che festeggia alla grande il compleanno anche col primo posto al trampolino.Nella classifica per singolo attrezzo Sabrina mette al collo due medaglie di bronzo (parallele e volteggio) e l&#8217;oro alla trave. Sofia e Sara a met\u00e0 classifica.<\/p>\n<p>Aspettando Traversetolo e soprattutto Elisa.<\/p>\n","protected":false},"excerpt":{"rendered":"<p>[singlepic id=1121 w= h= float=left]Il 5 febbraio 2017 sar\u00e0 una giornata da mettere in calendario. Non tanto per i risultati ottenuti dalle nostre piccolissime ginnaste, soprattutto perch\u00e9 l&#8217;emozione della prima volta non si dimentica davvero mai. Anche a distanza di anni. Pensate al giorno della vigilia. Pensieri su come sar\u00e0 il campo gara, chi saranno [&hellip;]<\/p>\n","protected":false},"author":2,"featured_media":0,"comment_status":"closed","ping_status":"open","sticky":false,"template":"","format":"standard","meta":{"_et_pb_use_builder":"","_et_pb_old_content":"","_et_gb_content_width":"","footnotes":""},"categories":[13],"tags":[],"_links":{"self":[{"href":"https:\/\/www.atletica75.it\/wp2\/wp-json\/wp\/v2\/posts\/4388"}],"collection":[{"href":"https:\/\/www.atletica75.it\/wp2\/wp-json\/wp\/v2\/posts"}],"about":[{"href":"https:\/\/www.atletica75.it\/wp2\/wp-json\/wp\/v2\/types\/post"}],"author":[{"embeddable":true,"href":"https:\/\/www.atletica75.it\/wp2\/wp-json\/wp\/v2\/users\/2"}],"replies":[{"embeddable":true,"href":"https:\/\/www.atletica75.it\/wp2\/wp-json\/wp\/v2\/comments?post=4388"}],"version-history":[{"count":0,"href":"https:\/\/www.atletica75.it\/wp2\/wp-json\/wp\/v2\/posts\/4388\/revisions"}],"wp:attachment":[{"href":"https:\/\/www.atletica75.it\/wp2\/wp-json\/wp\/v2\/media?parent=4388"}],"wp:term":[{"taxonomy":"category","embeddable":true,"href":"https:\/\/www.atletica75.it\/wp2\/wp-json\/wp\/v2\/categories?post=4388"},{"taxonomy":"post_tag","embeddable":true,"href":"https:\/\/www.atletica75.it\/wp2\/wp-json\/wp\/v2\/tags?post=4388"}],"curies":[{"name":"wp","href":"https:\/\/api.w.org\/{rel}","templated":true}]}}