{"id":4392,"date":"2017-02-21T08:09:55","date_gmt":"2017-02-21T08:09:55","guid":{"rendered":"http:\/\/www.atletica75.it\/?p=4392"},"modified":"2017-02-21T08:09:55","modified_gmt":"2017-02-21T08:09:55","slug":"gli-ultimi-due-week-end-della-ginnastica","status":"publish","type":"post","link":"https:\/\/www.atletica75.it\/wp2\/2017\/02\/21\/gli-ultimi-due-week-end-della-ginnastica\/","title":{"rendered":"Gli ultimi due week end della ginnastica"},"content":{"rendered":"<p>[singlepic id=1128 w= h= float=left]Diamo conto delle ultime due uscite delle nostre ginnaste. Due domeniche consecutive di nervosismo misto alla voglia di fare bene e alla potenzialit\u00e0 di far bene. Animi tesi dopo i recenti infortuni occorsi ad alcune delle ragazze della squadra biancazzurra. Animi comunque presenti, animi appassionati senza ombra di dubbio. Alti e bassi sono fisiologici nella vita, compresa quella sportiva, un andamento ondulatorio, bello, coinvolgente e un p\u00f2 <!--more-->ansiogeno al tempo stesso, quell&#8217;ansia che ti fa arrabbiare ma che ti fa anche crescere. Sembra un paradosso. Non ci si arrende mai alla crescita, sotto qualsiasi forma essa si presenti. Gli atleti lo sanno, le nostre ragazze lo sanno. I nostri insegnanti lo sanno. I nostri tifosi lo sanno pure loro.<\/p>\n<p>L&#8217;epilogo delle\u00a0<span style=\"text-decoration: underline;\">gare di Rimini\u00a0del 12 e del 19 febbraio<\/span> ne sono\u00a0un esempio. Si \u00e8 arrivati al <strong>12 febbraio<\/strong> con alcune tensioni nella settimana precedente che si sono poi attenuate col terzo gradino del podio, insperato, ma in fondo molto desiderato\u00a0dalle ginnaste di casa nostra. Elisa, Giorgia, Lucrezia e Noemi hanno pasticciato un p\u00f2, Vanessa, l&#8217;acciaccata riserva, a fare il tifo da vicino. Alla fine per\u00f2 \u00e8 risultata una gara equilibrata che ha permesso di sommare i punteggi e ottenere la terza piazza. &#8220;Corpo libero, trave, parallele, volteggio, un giro gara insolito per noi. Alcuni corpi liberi poco puliti, buone travi, qualche errore di troppo al volteggio e parallele in linea con il valore attuale delle nostre. Forse poca concentrazione. C&#8217;\u00e8 da lavorare&#8221;. Questo il commento tecnico di Milena Balducci a fine gara che poi conclude &#8220;consapevoli degli errori, il terzo gradino del podio a squadre ci d\u00e0 coraggio ma dobbiamo migliorarci gi\u00e0 la settimana prossima nell&#8217;individuale, ce la possiamo fare&#8221;.<\/p>\n<p>&#8220;Ieri \u00e8 stata una gara studiata a tavolino nel minimo dettaglio, abbiamo fatto tesoro della prova di sette giorni fa. La classifica rispecchia il duro lavoro fatto in palestra, specie nella cura del dettaglio in ogni singolo movimento. Siamo sicuri che con qualche sacrificio mentale in pi\u00f9 possiamo ambire a categorie pi\u00f9 alte e mettere nel mirino nuovi traguardi. Ora ci godiamo questo risultato ma non ci accontentiamo e cercheremo di ottenere il meglio in ogni singolo allenamento&#8221;, questo il commento a caldo dell&#8217;altro nostro tecnico Matteo Bompadre sulla prova individuale del <strong>19<\/strong> <strong>febbraio<\/strong>. Una buona prova che segue lo\u00a0&#8220;scossone&#8221; tecnico e personale di appena una settimana fa. C&#8217;\u00e8 stata una\u00a0piccola svolta che non deve essere per\u00f2 un punto di arrivo. Classifica: Lucrezia e Noemi rispettivamente 2^ e 3^ posto nella categoria LC\/J2; Elisa 1^ posto nella LC\/J1; Nausicaa 1^ posto nella LC\/A3; Alessia 3^ posto nella LD\/A4.<\/p>\n<p>Di certo questo 2017 \u00e8 iniziato con un sacco di novit\u00e0. Non sar\u00e0\u00a0facile, a partire dal codice dei punteggi per arrivare ai programmi. Gli addetti ai lavori sanno che dopo ogni Olimpiade le carte si rimescolano, si aggiornano in base a quello che si \u00e8 visto in campo gara. Il 2016 rester\u00e0 negli annali come una delle edizioni pi\u00f9 &#8220;spaziali&#8221; della ginnastica. E cos\u00ec la FGI si \u00e8 adeguata e ha cos\u00ec istituito due diverse tipologie di attivit\u00e0 agonistiche in linea con quel che accade in diversi Paesi europei: la serie\u00a0<span style=\"text-decoration: underline;\">Gold<\/span>, riservata all&#8217;alto livello e la serie\u00a0<span style=\"text-decoration: underline;\">Silver<\/span>, che considera il differente livello di ogni ginnasta.<\/p>\n<p>Il cammino \u00e8 solo all&#8217;inizio. I sacrifici saranno tanti ma basta fare un passo alla volta e il futuro ci pu\u00f2 riservare delle soddisfazioni.<\/p>\n<p>Non ci si arrende mai alla crescita.<\/p>\n","protected":false},"excerpt":{"rendered":"<p>[singlepic id=1128 w= h= float=left]Diamo conto delle ultime due uscite delle nostre ginnaste. Due domeniche consecutive di nervosismo misto alla voglia di fare bene e alla potenzialit\u00e0 di far bene. Animi tesi dopo i recenti infortuni occorsi ad alcune delle ragazze della squadra biancazzurra. Animi comunque presenti, animi appassionati senza ombra di dubbio. Alti e [&hellip;]<\/p>\n","protected":false},"author":2,"featured_media":0,"comment_status":"closed","ping_status":"open","sticky":false,"template":"","format":"standard","meta":{"_et_pb_use_builder":"","_et_pb_old_content":"","_et_gb_content_width":"","footnotes":""},"categories":[13],"tags":[],"_links":{"self":[{"href":"https:\/\/www.atletica75.it\/wp2\/wp-json\/wp\/v2\/posts\/4392"}],"collection":[{"href":"https:\/\/www.atletica75.it\/wp2\/wp-json\/wp\/v2\/posts"}],"about":[{"href":"https:\/\/www.atletica75.it\/wp2\/wp-json\/wp\/v2\/types\/post"}],"author":[{"embeddable":true,"href":"https:\/\/www.atletica75.it\/wp2\/wp-json\/wp\/v2\/users\/2"}],"replies":[{"embeddable":true,"href":"https:\/\/www.atletica75.it\/wp2\/wp-json\/wp\/v2\/comments?post=4392"}],"version-history":[{"count":0,"href":"https:\/\/www.atletica75.it\/wp2\/wp-json\/wp\/v2\/posts\/4392\/revisions"}],"wp:attachment":[{"href":"https:\/\/www.atletica75.it\/wp2\/wp-json\/wp\/v2\/media?parent=4392"}],"wp:term":[{"taxonomy":"category","embeddable":true,"href":"https:\/\/www.atletica75.it\/wp2\/wp-json\/wp\/v2\/categories?post=4392"},{"taxonomy":"post_tag","embeddable":true,"href":"https:\/\/www.atletica75.it\/wp2\/wp-json\/wp\/v2\/tags?post=4392"}],"curies":[{"name":"wp","href":"https:\/\/api.w.org\/{rel}","templated":true}]}}