{"id":4425,"date":"2017-02-27T13:35:31","date_gmt":"2017-02-27T13:35:31","guid":{"rendered":"http:\/\/www.atletica75.it\/?p=4425"},"modified":"2017-02-27T13:35:31","modified_gmt":"2017-02-27T13:35:31","slug":"coriandoli-a-formigine-per-la-ginnastica-uisp","status":"publish","type":"post","link":"https:\/\/www.atletica75.it\/wp2\/2017\/02\/27\/coriandoli-a-formigine-per-la-ginnastica-uisp\/","title":{"rendered":"Coriandoli a Formigine per la Ginnastica UISP"},"content":{"rendered":"<p>[singlepic id=1134 w= h= float=left]Il 25 e 26 febbraio non \u00e8 stato per tradizione solo il fine settimana di Carnevale ma anche un week end denso di ginnastica artistica, quella della Prima Prova regionale UISP 2017. Se vogliamo&#8230;il Carnevale della Ginnastica UISP regionale. La maschera protagonista della domenica modenese&nbsp;\u00e8 stata quella di Margherita Facondini, il Pulcinella della <!--more-->situazione, vitale, sorridente, a volte simpaticamente irriverente ma decisa nelle sue azioni quando serve. Oggi non solo &#8220;serva&#8221; di trave e corpo libero ma diretta &#8220;padrona&#8221; della scena. Vince la 2^ Categoria di Specialit\u00e0 sbaragliando la concorrenza in entrambi gli attrezzi. Un pizzico di amaro in bocca c&#8217;\u00e8 stato ugualmente, pure una lacrimuccia nel finale. &#8220;Gareggiare senza Chiara (la compagna Arlecchino assente per febbrone da cavallo) non \u00e8 la stessa cosa&#8221;.<\/p>\n<p>Il sabato le altre mascherine, Agata, Gigliola, Federica e Giulia si sono fatte uno scherzetto. Sono state assolutamente regolari nei quattro attrezzi previsti ma potevano fare un p\u00f2 di pi\u00f9. Complice forse anche l&#8217;emozione dello spettacolo. Ma non solo. Calcare le pedane con lo spirito giusto non \u00e8 facile, specie nei primi anni di gare. Occorre tanto tempo per prepararsi, per studiare a fondo i minimi dettagli e &#8220;recitare&#8221; la parte nel migliore dei modi. Frizzi e lazzi non sono mancati come da tradizione, ma le simpatiche bimbe hanno capito che nella seconda prova potranno fare molto meglio.<\/p>\n<p>Lo sport come la commedia dell&#8217;arte dimostrano una cosa: un copione da rispettare&nbsp;con regole anche ferree esiste, deve esistere, ma in fondo quando si sale in campo e tutta un&#8217;altra storia. La propria interpretazione pu\u00f2 fare la differenza.<\/p>\n","protected":false},"excerpt":{"rendered":"<p>[singlepic id=1134 w= h= float=left]Il 25 e 26 febbraio non \u00e8 stato per tradizione solo il fine settimana di Carnevale ma anche un week end denso di ginnastica artistica, quella della Prima Prova regionale UISP 2017. Se vogliamo&#8230;il Carnevale della Ginnastica UISP regionale. La maschera protagonista della domenica modenese&nbsp;\u00e8 stata quella di Margherita Facondini, il [&hellip;]<\/p>\n","protected":false},"author":2,"featured_media":0,"comment_status":"closed","ping_status":"open","sticky":false,"template":"","format":"standard","meta":{"_et_pb_use_builder":"","_et_pb_old_content":"","_et_gb_content_width":"","footnotes":""},"categories":[13],"tags":[],"_links":{"self":[{"href":"https:\/\/www.atletica75.it\/wp2\/wp-json\/wp\/v2\/posts\/4425"}],"collection":[{"href":"https:\/\/www.atletica75.it\/wp2\/wp-json\/wp\/v2\/posts"}],"about":[{"href":"https:\/\/www.atletica75.it\/wp2\/wp-json\/wp\/v2\/types\/post"}],"author":[{"embeddable":true,"href":"https:\/\/www.atletica75.it\/wp2\/wp-json\/wp\/v2\/users\/2"}],"replies":[{"embeddable":true,"href":"https:\/\/www.atletica75.it\/wp2\/wp-json\/wp\/v2\/comments?post=4425"}],"version-history":[{"count":0,"href":"https:\/\/www.atletica75.it\/wp2\/wp-json\/wp\/v2\/posts\/4425\/revisions"}],"wp:attachment":[{"href":"https:\/\/www.atletica75.it\/wp2\/wp-json\/wp\/v2\/media?parent=4425"}],"wp:term":[{"taxonomy":"category","embeddable":true,"href":"https:\/\/www.atletica75.it\/wp2\/wp-json\/wp\/v2\/categories?post=4425"},{"taxonomy":"post_tag","embeddable":true,"href":"https:\/\/www.atletica75.it\/wp2\/wp-json\/wp\/v2\/tags?post=4425"}],"curies":[{"name":"wp","href":"https:\/\/api.w.org\/{rel}","templated":true}]}}