{"id":4498,"date":"2017-04-03T11:02:10","date_gmt":"2017-04-03T11:02:10","guid":{"rendered":"http:\/\/www.atletica75.it\/?p=4498"},"modified":"2017-04-03T11:02:10","modified_gmt":"2017-04-03T11:02:10","slug":"cattolica-ancora-protagonista-della-ginnastica-uisp","status":"publish","type":"post","link":"https:\/\/www.atletica75.it\/wp2\/2017\/04\/03\/cattolica-ancora-protagonista-della-ginnastica-uisp\/","title":{"rendered":"Cattolica ancora protagonista della ginnastica UISP"},"content":{"rendered":"<p>[singlepic id=1139 w= h= float=left]Una due giorni intensa come sempre. Giurie, segreteria, volontari, amici e parenti tutti impegnati con passione (ma anche un pizzico di fisiologica stanchezza) nell&#8217;organizzazione dei Campionati Regionali UISP 2017 delle cosiddette &#8220;categorie basse&#8221; in gergo. Numeri altissimi per ciascun turno di gara con prove serrate agli attrezzi, sbavature e pulizia, determinazione e timore, vittorie e sconfitte. Tutto ci\u00f2 che \u00e8 normale vedere su un<!--more--> campo di gara di qualsiasi disciplina sportiva. Le nostre portacolori erano Margherita Facondini, Chiara Leardini e poi un quartetto di piccoline con Giulia Pierro, Agata Conti, Gigliola Bizzocchi e Federica Arcieri.<\/p>\n<p>Compagne di allenamenti e amiche al di fuori della palestra, Chiara e Megghi sabato hanno dominato la scena con brillanti prove su tutti gli attrezzi. Si sono dimostrate precise e grintose con la stessa sicurezza di chi ormai \u00e8 del mestiere. La trave non \u00e8 amica di nessuno e si \u00e8 visto con cadute di troppo ma il risultato lo hanno portato a casa comunque; infatti la classifica \u00e8 stata stilata come prevede il regolamento: i 3 migliori attrezzi scelti sui 5 disponibili. Chiara: 1^ a trave, 1^ al corpo libero e 3^ al volteggio. Megghi: 2^ al volteggio, 2^ a trave e 2^ al corpo libero. Come si dice massima resa!!!&nbsp;<\/p>\n<p>Tra le piccoline si distingue Giulia che finisce 5^ nella classifica generale e vince il volteggio. Le altre compagne hanno fatto del loro meglio, si sono sostenute a vicenda e la concentrazione \u00e8 stata pi\u00f9 alta rispetto alla gara precedente. Il sorriso di Gigliola, il simpatico &#8220;rosso&#8221; di Agata e le espressioni di Federica hanno emozionato il pubblico come c&#8217;era da aspettarsi. Sono coinvolgenti e hanno fatto dei passetti tecnici in avanti.<\/p>\n<p>Facondini e Leradini erano iscritte anche domenica a Rimini in una gara di Federazione (LB Silver). Non contente forse della prova UISP di sabato hanno accettato una nuova sfida. Due gare in due giorni mettono duramente alla prova i nervi ma esame superato alla grandissima. Tante ginnaste sullo stesso livello dunque rischio altissimo, rischio di finire dalle stelle alle stalle con una minima sbavatura. Hanno retto alla pressione: Megghi vince la gara con Chiara in nona piazza. Felicit\u00e0 immensa!!!<\/p>\n<p>A luci spente, questi due giorni di ginnastica ci hanno dato una grande lezione, le bimbe ci &#8220;fanno soffrire e battere il cuore a mille, a volte ci si arrabbia ma la loro emozione \u00e8 la nostra&#8221;. Linfa vitale nello sport.<\/p>\n","protected":false},"excerpt":{"rendered":"<p>[singlepic id=1139 w= h= float=left]Una due giorni intensa come sempre. Giurie, segreteria, volontari, amici e parenti tutti impegnati con passione (ma anche un pizzico di fisiologica stanchezza) nell&#8217;organizzazione dei Campionati Regionali UISP 2017 delle cosiddette &#8220;categorie basse&#8221; in gergo. Numeri altissimi per ciascun turno di gara con prove serrate agli attrezzi, sbavature e pulizia, determinazione [&hellip;]<\/p>\n","protected":false},"author":2,"featured_media":0,"comment_status":"closed","ping_status":"open","sticky":false,"template":"","format":"standard","meta":{"_et_pb_use_builder":"","_et_pb_old_content":"","_et_gb_content_width":"","footnotes":""},"categories":[13],"tags":[],"_links":{"self":[{"href":"https:\/\/www.atletica75.it\/wp2\/wp-json\/wp\/v2\/posts\/4498"}],"collection":[{"href":"https:\/\/www.atletica75.it\/wp2\/wp-json\/wp\/v2\/posts"}],"about":[{"href":"https:\/\/www.atletica75.it\/wp2\/wp-json\/wp\/v2\/types\/post"}],"author":[{"embeddable":true,"href":"https:\/\/www.atletica75.it\/wp2\/wp-json\/wp\/v2\/users\/2"}],"replies":[{"embeddable":true,"href":"https:\/\/www.atletica75.it\/wp2\/wp-json\/wp\/v2\/comments?post=4498"}],"version-history":[{"count":0,"href":"https:\/\/www.atletica75.it\/wp2\/wp-json\/wp\/v2\/posts\/4498\/revisions"}],"wp:attachment":[{"href":"https:\/\/www.atletica75.it\/wp2\/wp-json\/wp\/v2\/media?parent=4498"}],"wp:term":[{"taxonomy":"category","embeddable":true,"href":"https:\/\/www.atletica75.it\/wp2\/wp-json\/wp\/v2\/categories?post=4498"},{"taxonomy":"post_tag","embeddable":true,"href":"https:\/\/www.atletica75.it\/wp2\/wp-json\/wp\/v2\/tags?post=4498"}],"curies":[{"name":"wp","href":"https:\/\/api.w.org\/{rel}","templated":true}]}}