{"id":4554,"date":"2017-05-14T19:44:44","date_gmt":"2017-05-14T19:44:44","guid":{"rendered":"http:\/\/www.atletica75.it\/?p=4554"},"modified":"2017-05-14T19:44:44","modified_gmt":"2017-05-14T19:44:44","slug":"uisp-a-cattolica-e-fgi-a-ferrara-il-preludio-ai-nazionali-di-artistica-di-urbino","status":"publish","type":"post","link":"https:\/\/www.atletica75.it\/wp2\/2017\/05\/14\/uisp-a-cattolica-e-fgi-a-ferrara-il-preludio-ai-nazionali-di-artistica-di-urbino\/","title":{"rendered":"UISP a Cattolica e FGI a Ferrara: il preludio ai Nazionali di artistica di Urbino"},"content":{"rendered":"<p>[singlepic id=1147 w= h= float=left]Ultima fatica per la macchina organizzativa dell&#8217;Atletica 75, un 2017 davvero intenso tra ginnastica artistica e atletica leggera per ci\u00f2 che riguarda gli ospiti sportivi. Una settimana (quella del 7 maggio) tarata al meglio dall&#8217;impianto gestionale biancazzurro e che ha visto <!--more-->sul pianto agonistico soprattutto conferme, segnali positivi nella preparazione tecnica in vista dell&#8217;appuntamento clou indetto dalla&nbsp;UISP, i Nazionali. Domenica scorsa tutte le ragazze hanno &#8220;spinto&#8221; gli esercizi, rischiando un p\u00f2 alcuni elementi ma&nbsp;testando il proprio temperamento. Si fa cos\u00ec prima di una gara decisiva, la rifinitura che pu\u00f2 fare la differenza. Risultati confortanti.<\/p>\n<p>Secondo step, gara federale a squadre a Ferrara. Programmi tecnici un p\u00f2 differenti in FGI ma l&#8217;obiettivo rimane lo stesso per le nostre portacolori: dare il massimo come attenzione e impegno cos\u00ec che i punteggi possano essere eccellenti. In territorio estense le cose potevano andare meglio dal punto di vista della pulizia degli esercizi e di alcuni passaggi soprattutto alla trave. Ma la classifica \u00e8 stata dalla nostra parte e la squadra formata da Lucrezia, Giorgia, Vanessa, Noemi ed Elisa \u00e8 giunta sul secondo gradino del podio.<\/p>\n<p>Appuntamento al Pala Mondolce di Urbino da gioved\u00ec 18 maggio. Forza Atletica 75!<\/p>\n","protected":false},"excerpt":{"rendered":"<p>[singlepic id=1147 w= h= float=left]Ultima fatica per la macchina organizzativa dell&#8217;Atletica 75, un 2017 davvero intenso tra ginnastica artistica e atletica leggera per ci\u00f2 che riguarda gli ospiti sportivi. Una settimana (quella del 7 maggio) tarata al meglio dall&#8217;impianto gestionale biancazzurro e che ha visto<\/p>\n","protected":false},"author":2,"featured_media":0,"comment_status":"closed","ping_status":"open","sticky":false,"template":"","format":"standard","meta":{"_et_pb_use_builder":"","_et_pb_old_content":"","_et_gb_content_width":"","footnotes":""},"categories":[13],"tags":[],"_links":{"self":[{"href":"https:\/\/www.atletica75.it\/wp2\/wp-json\/wp\/v2\/posts\/4554"}],"collection":[{"href":"https:\/\/www.atletica75.it\/wp2\/wp-json\/wp\/v2\/posts"}],"about":[{"href":"https:\/\/www.atletica75.it\/wp2\/wp-json\/wp\/v2\/types\/post"}],"author":[{"embeddable":true,"href":"https:\/\/www.atletica75.it\/wp2\/wp-json\/wp\/v2\/users\/2"}],"replies":[{"embeddable":true,"href":"https:\/\/www.atletica75.it\/wp2\/wp-json\/wp\/v2\/comments?post=4554"}],"version-history":[{"count":0,"href":"https:\/\/www.atletica75.it\/wp2\/wp-json\/wp\/v2\/posts\/4554\/revisions"}],"wp:attachment":[{"href":"https:\/\/www.atletica75.it\/wp2\/wp-json\/wp\/v2\/media?parent=4554"}],"wp:term":[{"taxonomy":"category","embeddable":true,"href":"https:\/\/www.atletica75.it\/wp2\/wp-json\/wp\/v2\/categories?post=4554"},{"taxonomy":"post_tag","embeddable":true,"href":"https:\/\/www.atletica75.it\/wp2\/wp-json\/wp\/v2\/tags?post=4554"}],"curies":[{"name":"wp","href":"https:\/\/api.w.org\/{rel}","templated":true}]}}