{"id":4607,"date":"2017-05-22T12:49:21","date_gmt":"2017-05-22T12:49:21","guid":{"rendered":"http:\/\/www.atletica75.it\/?p=4607"},"modified":"2017-05-22T12:49:21","modified_gmt":"2017-05-22T12:49:21","slug":"nazionali-uisp-2017-urbino-da-favola","status":"publish","type":"post","link":"https:\/\/www.atletica75.it\/wp2\/2017\/05\/22\/nazionali-uisp-2017-urbino-da-favola\/","title":{"rendered":"Nazionali UISP 2017: Urbino da favola"},"content":{"rendered":"<p><a href=\"https:\/\/www.atletica75.it\/wp2\/wp-content\/uploads\/2017\/05\/urbino2017tatilucrinicolelucia.jpg\"><img decoding=\"async\" loading=\"lazy\" class=\"alignleft size-medium wp-image-4610\" src=\"https:\/\/www.atletica75.it\/wp2\/wp-content\/uploads\/2017\/05\/urbino2017tatilucrinicolelucia-300x169.jpg\" alt=\"\" width=\"300\" height=\"169\"><\/a>Sar\u00e0 la vicinanza geografica, sar\u00e0 la disciplina sportiva che ci accomuna, sar\u00e0 l&#8217;amicizia che ci lega da anni ma diciamo a gran voce che quella di Urbino \u00e8 stata una delle migliori edizioni dei Campionati Nazionali UISP di artistica femminile di sempre. Organizzazione precisissima, campo gara allestito ad opera d&#8217;arte, cortesia degli addetti ai lavori, simpatia nei momenti pi\u00f9 tesi, tutte le <!--more-->caselle giuste che fanno apporre la lettera maiuscola al nome e al cognome: Ginnastica Vital Fermignano. Non esageriamo per nulla. La realt\u00e0 \u00e8 stata questa nel primo fine settimana di gare al Pala Mondolce di Urbino (zona Sant&#8217;Annunziata); le societ\u00e0 e le ginnaste hanno trovato le condizioni ideali per gareggiare nella rassegna pi\u00f9 importante dell&#8217;anno. Un caloroso benvenuto ci \u00e8 stato riservato in virt\u00f9 dell&#8217;esperienza maturata insieme nella ginnastica, un cammino tecnico iniziato un sacco di tempo fa. E noi ringraziamo di cuore. I risultati delle gare sono stati positivi per i nostri colori, in tutte le categorie una nostra ginnasta \u00e8 andata a podio. &#8220;Siamo soddisfatti &#8211; affermano a caldo i tre tecnici sociali Milena, Matteo e Giuliana &#8211; del risultato di tutta la squadra, nessuna esclusa; certo qualcosa poteva andare meglio, qualche bimba poteva essere pi\u00f9 pulita ma il nostro livello \u00e8 ai piani alti della Uisp Nazionale. Dobbiamo andarne fieri a prescindere&#8221;.<\/p>\n<p>E nel blocco di gare dal 8 al 11 giugno possiamo incrementare il bottino con le neofite della ginnastica, i vari gruppi delle piccolissime.&nbsp;<\/p>\n<p>Risultati.<\/p>\n<p><strong><a href=\"https:\/\/www.atletica75.it\/wp2\/wp-content\/uploads\/2017\/05\/ChiaLau-Urbino2017.jpg\"><img decoding=\"async\" loading=\"lazy\" class=\"alignleft size-medium wp-image-4613\" src=\"https:\/\/www.atletica75.it\/wp2\/wp-content\/uploads\/2017\/05\/ChiaLau-Urbino2017-300x256.jpg\" alt=\"\" width=\"300\" height=\"256\"><\/a>Cat 5^ Senior<\/strong>: Volteggio: argento per Chiara Temellini, bronzo per Laura Sanchini<\/p>\n<p><strong>Cat 4^ Junior<\/strong>: Alessia Bontempi medaglia di bronzo al&nbsp;corpo libero ( la prima da sinistra nella foto qui sotto )<\/p>\n<p>&nbsp;<\/p>\n<p>&nbsp;<\/p>\n<p>&nbsp;<\/p>\n<p><strong><a href=\"https:\/\/www.atletica75.it\/wp2\/wp-content\/uploads\/2017\/05\/4xurbino2017.jpg\"><img decoding=\"async\" loading=\"lazy\" class=\"alignleft size-medium wp-image-4612\" src=\"https:\/\/www.atletica75.it\/wp2\/wp-content\/uploads\/2017\/05\/4xurbino2017-300x169.jpg\" alt=\"\" width=\"300\" height=\"169\"><\/a>Cat 4^ \u00e9lite<\/strong>: Elisa Ortolani conquista la medaglia argento e Noemi Guidi il bronzo nella classifica generale; Giorgia Castaldo argento alle parallele<\/p>\n<p>&nbsp;<\/p>\n<p>&nbsp;<\/p>\n<p><strong>Cat specialit\u00e0 di 4^ e 5^<\/strong>:&nbsp;Nicol Floridi, Tanya Torriani, Lucia Magnani e Lucrezia. Lucia una terza posizione a trave, Lucrezia conquista il titolo di campionessa nazionale a Parallele e conquista anche l&#8217;argento a corpo libero ( foto di copertina )<\/p>\n<p><strong><a href=\"https:\/\/www.atletica75.it\/wp2\/wp-content\/uploads\/2017\/05\/nausi-urbino2017.jpg\"><img decoding=\"async\" loading=\"lazy\" class=\"alignleft size-medium wp-image-4617\" src=\"https:\/\/www.atletica75.it\/wp2\/wp-content\/uploads\/2017\/05\/nausi-urbino2017-300x169.jpg\" alt=\"\" width=\"300\" height=\"169\"><\/a>Cat 3^ \u00e8lite<\/strong>: Nausicaa Maioli: l&#8217;emozione era tanta, purtroppo qualche imprecisione qua e l\u00e0 l&#8217;hanno lasciata ai piedi del podio, quarta finale<\/p>\n<p><strong><a href=\"https:\/\/www.atletica75.it\/wp2\/wp-content\/uploads\/2017\/05\/vanessaurbino2017.jpg\"><img decoding=\"async\" loading=\"lazy\" class=\"alignleft size-medium wp-image-4616\" src=\"https:\/\/www.atletica75.it\/wp2\/wp-content\/uploads\/2017\/05\/vanessaurbino2017-300x223.jpg\" alt=\"\" width=\"300\" height=\"223\"><\/a><\/strong><\/p>\n<p>&nbsp;<\/p>\n<p><strong>Cat 3^ Senior<\/strong>:&nbsp;Vanessa Casadei chiude in 23 posizione, gara regolare in tutti gli attrezzi, la concorrenza era agguerritissima<\/p>\n<p><strong><a href=\"https:\/\/www.atletica75.it\/wp2\/wp-content\/uploads\/2017\/05\/Over-Urbino2017.jpg\"><img decoding=\"async\" loading=\"lazy\" class=\"alignleft size-medium wp-image-4615\" src=\"https:\/\/www.atletica75.it\/wp2\/wp-content\/uploads\/2017\/05\/Over-Urbino2017-300x169.jpg\" alt=\"\" width=\"300\" height=\"169\"><\/a><\/strong><\/p>\n<p>&nbsp;<\/p>\n<p>&nbsp;<\/p>\n<p>&nbsp;<\/p>\n<p><strong>Cat 3^&nbsp;specialit\u00e0<\/strong>: Virginia Cecchini, Eleonora Cappellini, Janel Amoah, Giulia Massimi, Manuela Po Baldrighi, Erica Brunetti, Sofia Tenti, Alice Linari hanno affrontato il campo nazionale con grinta e concludono portando a casa una medaglia d&#8217;oro con Alice al volteggio e&nbsp;una di bronzo con Eleonora a trave<\/p>\n<p><strong><a href=\"https:\/\/www.atletica75.it\/wp2\/wp-content\/uploads\/2017\/05\/megghichiara-urbino2017.jpg\"><img decoding=\"async\" loading=\"lazy\" class=\"alignleft size-medium wp-image-4614\" src=\"https:\/\/www.atletica75.it\/wp2\/wp-content\/uploads\/2017\/05\/megghichiara-urbino2017-169x300.jpg\" alt=\"\" width=\"169\" height=\"300\"><\/a>Cat 2^ specialit\u00e0<\/strong>: Margherita Facondini si aggiudica il titolo di campionessa nazionale alla trave. Chiara Leardini ottiene la medaglia d&#8217;argento a pari merito; per regolamento (pi\u00f9 giovane tra le due contendenti) le viene assegnata quella di bronzo.<\/p>\n","protected":false},"excerpt":{"rendered":"<p>Sar\u00e0 la vicinanza geografica, sar\u00e0 la disciplina sportiva che ci accomuna, sar\u00e0 l&#8217;amicizia che ci lega da anni ma diciamo a gran voce che quella di Urbino \u00e8 stata una delle migliori edizioni dei Campionati Nazionali UISP di artistica femminile di sempre. Organizzazione precisissima, campo gara allestito ad opera d&#8217;arte, cortesia degli addetti ai lavori, [&hellip;]<\/p>\n","protected":false},"author":2,"featured_media":0,"comment_status":"closed","ping_status":"open","sticky":false,"template":"","format":"standard","meta":{"_et_pb_use_builder":"","_et_pb_old_content":"","_et_gb_content_width":"","footnotes":""},"categories":[13],"tags":[],"_links":{"self":[{"href":"https:\/\/www.atletica75.it\/wp2\/wp-json\/wp\/v2\/posts\/4607"}],"collection":[{"href":"https:\/\/www.atletica75.it\/wp2\/wp-json\/wp\/v2\/posts"}],"about":[{"href":"https:\/\/www.atletica75.it\/wp2\/wp-json\/wp\/v2\/types\/post"}],"author":[{"embeddable":true,"href":"https:\/\/www.atletica75.it\/wp2\/wp-json\/wp\/v2\/users\/2"}],"replies":[{"embeddable":true,"href":"https:\/\/www.atletica75.it\/wp2\/wp-json\/wp\/v2\/comments?post=4607"}],"version-history":[{"count":0,"href":"https:\/\/www.atletica75.it\/wp2\/wp-json\/wp\/v2\/posts\/4607\/revisions"}],"wp:attachment":[{"href":"https:\/\/www.atletica75.it\/wp2\/wp-json\/wp\/v2\/media?parent=4607"}],"wp:term":[{"taxonomy":"category","embeddable":true,"href":"https:\/\/www.atletica75.it\/wp2\/wp-json\/wp\/v2\/categories?post=4607"},{"taxonomy":"post_tag","embeddable":true,"href":"https:\/\/www.atletica75.it\/wp2\/wp-json\/wp\/v2\/tags?post=4607"}],"curies":[{"name":"wp","href":"https:\/\/api.w.org\/{rel}","templated":true}]}}