{"id":4652,"date":"2017-07-02T18:56:14","date_gmt":"2017-07-02T18:56:14","guid":{"rendered":"http:\/\/www.atletica75.it\/?p=4652"},"modified":"2017-07-02T18:56:14","modified_gmt":"2017-07-02T18:56:14","slug":"ai-campionati-assoluti-di-trieste-un-po-di-cattolica","status":"publish","type":"post","link":"https:\/\/www.atletica75.it\/wp2\/2017\/07\/02\/ai-campionati-assoluti-di-trieste-un-po-di-cattolica\/","title":{"rendered":"Ai Campionati Assoluti di Trieste un p\u00f2 di Cattolica"},"content":{"rendered":"<p>[singlepic id=1160 w= h= float=left]Vento, pioggia, sole, mare, Trieste pare avere in comune parecchio con Cattolica: il mare porta lo stesso nome, il litorale \u00e8 il medesimo seppur con caratteristiche differenti, storie di mare e di coraggio. La particolarit\u00e0 \u00e8 che ad unire le due citt\u00e0 in questo fine settimana \u00e8 stata una ragazza di Macerata, antica terra dei piceni,<!--more--> ragazza nata in provincia, ad Urbisaglia. Triangolazione davvero strana Marche, Emilia Romagna, Friuli. La cosa pi\u00f9 importante \u00e8 che l&#8217;occasione \u00e8 stata l&#8217;atletica leggera, quella pi\u00f9 importante, dei grandi, i Campionati Italiani Assoluti. Sara Porfiri classe 1992 si allena da ormai due stagioni allo Stadio Calbi di Cattolica con i nostri tecnici, gli ostacoli sono la sua disciplina. Un bel passato da eptathleta ma ormai \u00e8 specialista delle barriere. Raggiunto lo standard di partecipazione gi\u00e0 in primavera, Sara ha avuto il tempo e la costanza di preparare tutto nei minimi dettagli e ha raccolto il risultato pi\u00f9 bello nella gara che contava. Felicit\u00e0 assoluta.<\/p>\n<p><span style=\"text-decoration: underline;\">La cronaca<\/span>. Nelle batterie del venerd\u00ec pomeriggio il vento ha infastidito le atlete non poco ma Sara ha mostrato freddezza e una bella forma, 14&#8243;32 il suo crono ripescato per le semifinali del giorno successivo. Era l&#8217;obiettivo iniziale entrare nelle migliori 16. Ma la ciliegina sulla torta \u00e8 venuta dal display a fine corsa sabato 1 luglio: record personale di 14&#8243;20 e decima piazza conclusiva. Pi\u00f9 aggressivit\u00e0 del solito, una prima gamba favolosa e una ritmica dal quinto al decimo ostacolo invidiabile, tutto eseguito con buon controllo. Correre poi nella corsia a fianco di una campionessa come Micol Cattaneo non ha avuto prezzo, quella Cattaneo che l&#8217;ha sostenuta in allenamento qualche settimana prima durante uno stage proprio a Cattolica&#8230;un segno premonitore probabilmente. Sognare ci stava. Complimenti dalla societ\u00e0 e dal gruppo degli atleti &#8220;cattolichini&#8221;.&nbsp;<\/p>\n","protected":false},"excerpt":{"rendered":"<p>[singlepic id=1160 w= h= float=left]Vento, pioggia, sole, mare, Trieste pare avere in comune parecchio con Cattolica: il mare porta lo stesso nome, il litorale \u00e8 il medesimo seppur con caratteristiche differenti, storie di mare e di coraggio. La particolarit\u00e0 \u00e8 che ad unire le due citt\u00e0 in questo fine settimana \u00e8 stata una ragazza di [&hellip;]<\/p>\n","protected":false},"author":2,"featured_media":0,"comment_status":"closed","ping_status":"open","sticky":false,"template":"","format":"standard","meta":{"_et_pb_use_builder":"","_et_pb_old_content":"","_et_gb_content_width":"","footnotes":""},"categories":[10],"tags":[],"_links":{"self":[{"href":"https:\/\/www.atletica75.it\/wp2\/wp-json\/wp\/v2\/posts\/4652"}],"collection":[{"href":"https:\/\/www.atletica75.it\/wp2\/wp-json\/wp\/v2\/posts"}],"about":[{"href":"https:\/\/www.atletica75.it\/wp2\/wp-json\/wp\/v2\/types\/post"}],"author":[{"embeddable":true,"href":"https:\/\/www.atletica75.it\/wp2\/wp-json\/wp\/v2\/users\/2"}],"replies":[{"embeddable":true,"href":"https:\/\/www.atletica75.it\/wp2\/wp-json\/wp\/v2\/comments?post=4652"}],"version-history":[{"count":0,"href":"https:\/\/www.atletica75.it\/wp2\/wp-json\/wp\/v2\/posts\/4652\/revisions"}],"wp:attachment":[{"href":"https:\/\/www.atletica75.it\/wp2\/wp-json\/wp\/v2\/media?parent=4652"}],"wp:term":[{"taxonomy":"category","embeddable":true,"href":"https:\/\/www.atletica75.it\/wp2\/wp-json\/wp\/v2\/categories?post=4652"},{"taxonomy":"post_tag","embeddable":true,"href":"https:\/\/www.atletica75.it\/wp2\/wp-json\/wp\/v2\/tags?post=4652"}],"curies":[{"name":"wp","href":"https:\/\/api.w.org\/{rel}","templated":true}]}}