{"id":4663,"date":"2017-08-01T10:13:06","date_gmt":"2017-08-01T10:13:06","guid":{"rendered":"http:\/\/www.atletica75.it\/?p=4663"},"modified":"2017-08-01T10:13:06","modified_gmt":"2017-08-01T10:13:06","slug":"mastabon-2017-tra-stadio-e-piazza","status":"publish","type":"post","link":"https:\/\/www.atletica75.it\/wp2\/2017\/08\/01\/mastabon-2017-tra-stadio-e-piazza\/","title":{"rendered":"M&#8217;Astabon 2017 tra stadio e piazza"},"content":{"rendered":"<p><a href=\"https:\/\/www.atletica75.it\/wp2\/wp-content\/uploads\/2017\/08\/IMG-20170612-WA0010.jpg\"><img decoding=\"async\" loading=\"lazy\" class=\"alignleft size-medium wp-image-4664\" src=\"https:\/\/www.atletica75.it\/wp2\/wp-content\/uploads\/2017\/08\/IMG-20170612-WA0010-300x297.jpg\" alt=\"\" width=\"300\" height=\"297\"><\/a>2017, anno dispari. 2017, anno che ha lo sport come faro dell&#8217;estate di Cattolica. 2017, estate che vede protagonista l&#8217;atletica grazie al salto con l&#8217;asta. Gioved\u00ec 27 luglio \u00e8 stata una serata magica con la terza edizione di M&#8217;Astabon, i salti in piazza. Ogni volta sembra unica, irripetibile, entusiasmante, mai vista. Forse perch\u00e9 il desiderio di sport si rinnova sempre, forse perch\u00e9 i ragazzi danno fondo alle loro scorte di energia, forse perch\u00e9 abbiamo passione e basta. Novit\u00e0 di quest&#8217;anno \u00e8 stato &#8220;l&#8217;aperitivo sportivo&#8221; delle 18 che ha visto esibirsi nella meravigliosa cornice di Piazza 1^ maggio giovani saltatori provenienti da diverse parti d&#8217;Italia. Arrivati gi\u00e0 dal luned\u00ec precedente per<!--more--> partecipare al Camp Estivo organizzato dalla nostra societ\u00e0 in collaborazione con l&#8217;Atletica Reggio (RE), gli atleti hanno dato spettacolo mettendo a frutto i consigli della settimana di allenamenti. Dallo stadio alla piazza il passaggio non \u00e8 stato semplice, il calore della gente a pochi metri mette a dura prova il temperamento.<\/p>\n<p>Alle 21 invece la consueta querelle di alcuni dei migliori specialisti nazionali dell&#8217;asta che hanno volato insieme ai talenti emergenti della nostra citt\u00e0. Due ore di pura adrenalina con rincorse veloci, stacchi decisi, verticali aeree pazzesche. Molti sono rimasti a bocca aperta, alcuni col fiato sospeso per i balzi altissimi verso il cielo della Regina dell&#8217;Adriatico. Misure ragguardevoli sono state raggiunte: 3,80m per la milanese Bianca Falcone e 4,60m per il cremonese Giantommaso Bentivoglio. Rimane imbattuto il 4,80m di due anni fa ad opera di Stefano Vianello (Atletica Monza).<\/p>\n<p>Un doveroso grazie a tutti i volontari, amici e sostenitori che hanno permesso lo spettacolo dell&#8217;atletica leggera in piazza.<\/p>\n<p>&nbsp;<\/p>\n","protected":false},"excerpt":{"rendered":"<p>2017, anno dispari. 2017, anno che ha lo sport come faro dell&#8217;estate di Cattolica. 2017, estate che vede protagonista l&#8217;atletica grazie al salto con l&#8217;asta. Gioved\u00ec 27 luglio \u00e8 stata una serata magica con la terza edizione di M&#8217;Astabon, i salti in piazza. Ogni volta sembra unica, irripetibile, entusiasmante, mai vista. Forse perch\u00e9 il desiderio [&hellip;]<\/p>\n","protected":false},"author":2,"featured_media":0,"comment_status":"closed","ping_status":"open","sticky":false,"template":"","format":"standard","meta":{"_et_pb_use_builder":"","_et_pb_old_content":"","_et_gb_content_width":"","footnotes":""},"categories":[10],"tags":[],"_links":{"self":[{"href":"https:\/\/www.atletica75.it\/wp2\/wp-json\/wp\/v2\/posts\/4663"}],"collection":[{"href":"https:\/\/www.atletica75.it\/wp2\/wp-json\/wp\/v2\/posts"}],"about":[{"href":"https:\/\/www.atletica75.it\/wp2\/wp-json\/wp\/v2\/types\/post"}],"author":[{"embeddable":true,"href":"https:\/\/www.atletica75.it\/wp2\/wp-json\/wp\/v2\/users\/2"}],"replies":[{"embeddable":true,"href":"https:\/\/www.atletica75.it\/wp2\/wp-json\/wp\/v2\/comments?post=4663"}],"version-history":[{"count":0,"href":"https:\/\/www.atletica75.it\/wp2\/wp-json\/wp\/v2\/posts\/4663\/revisions"}],"wp:attachment":[{"href":"https:\/\/www.atletica75.it\/wp2\/wp-json\/wp\/v2\/media?parent=4663"}],"wp:term":[{"taxonomy":"category","embeddable":true,"href":"https:\/\/www.atletica75.it\/wp2\/wp-json\/wp\/v2\/categories?post=4663"},{"taxonomy":"post_tag","embeddable":true,"href":"https:\/\/www.atletica75.it\/wp2\/wp-json\/wp\/v2\/tags?post=4663"}],"curies":[{"name":"wp","href":"https:\/\/api.w.org\/{rel}","templated":true}]}}