{"id":4776,"date":"2017-11-17T13:28:20","date_gmt":"2017-11-17T13:28:20","guid":{"rendered":"http:\/\/www.atletica75.it\/?p=4776"},"modified":"2017-11-17T13:28:20","modified_gmt":"2017-11-17T13:28:20","slug":"seconda-prova-del-campionato-gold","status":"publish","type":"post","link":"https:\/\/www.atletica75.it\/wp2\/2017\/11\/17\/seconda-prova-del-campionato-gold\/","title":{"rendered":"Seconda prova del Campionato &#8220;Gold&#8221;"},"content":{"rendered":"<p><a href=\"https:\/\/www.atletica75.it\/wp2\/wp-content\/uploads\/2017\/11\/20171112_095320-scaled-1.jpg\"><img decoding=\"async\" loading=\"lazy\" class=\"alignleft size-medium wp-image-4778\" src=\"https:\/\/www.atletica75.it\/wp1\/wp-content\/uploads\/2017\/11\/20171112_095320-300x169.jpg\" alt=\"\" width=\"300\" height=\"169\"><\/a>Domenica scorsa a Fermo (FM) la societ\u00e0 locale, la Ginnastica Fermo 85, ha organizzato la seconda prova del Campionato di Serie C sezione Gold, una prova tecnicamente detta &#8220;zona tecnica&#8221;, cos\u00ec l&#8217;Emilia Romagna, le Marche e l&#8217;Umbria hanno gareggiato nello stesso raggruppamento. La nostra squadra era composta da Maioli Nausicaa, Alessia Bontempi, Facondini Margherita e Leardini Chiara. <!--more-->Il giro attrezzi parte cos\u00ec cos\u00ec con la trave, rotazione che si riveler\u00e0 fatale alla fine. Nonostante le parallele, il corpo libero e il volteggio sono stati davvero buoni, il <em>tremendo asse di equilibrio<\/em> ha fatto sbagliare tanto le bambine. L&#8217;undicesimo posto finale a squadre sta un p\u00f2 stretto rispetto alle reali potenzialit\u00e0, occorreva essere pi\u00f9 precise. Nota positiva \u00e8 stata la riuscita di nuovi elementi costruiti in allenamento, gesti che speriamo contribuiscano a punteggi da zone alte della classifica. La pausa agonistica di dicembre vedr\u00e0 per\u00f2 continuare il lavoro in palestra. Appuntamento al 2018.<\/p>\n","protected":false},"excerpt":{"rendered":"<p>Domenica scorsa a Fermo (FM) la societ\u00e0 locale, la Ginnastica Fermo 85, ha organizzato la seconda prova del Campionato di Serie C sezione Gold, una prova tecnicamente detta &#8220;zona tecnica&#8221;, cos\u00ec l&#8217;Emilia Romagna, le Marche e l&#8217;Umbria hanno gareggiato nello stesso raggruppamento. La nostra squadra era composta da Maioli Nausicaa, Alessia Bontempi, Facondini Margherita e [&hellip;]<\/p>\n","protected":false},"author":2,"featured_media":0,"comment_status":"closed","ping_status":"open","sticky":false,"template":"","format":"standard","meta":{"_et_pb_use_builder":"","_et_pb_old_content":"","_et_gb_content_width":"","footnotes":""},"categories":[13],"tags":[],"_links":{"self":[{"href":"https:\/\/www.atletica75.it\/wp2\/wp-json\/wp\/v2\/posts\/4776"}],"collection":[{"href":"https:\/\/www.atletica75.it\/wp2\/wp-json\/wp\/v2\/posts"}],"about":[{"href":"https:\/\/www.atletica75.it\/wp2\/wp-json\/wp\/v2\/types\/post"}],"author":[{"embeddable":true,"href":"https:\/\/www.atletica75.it\/wp2\/wp-json\/wp\/v2\/users\/2"}],"replies":[{"embeddable":true,"href":"https:\/\/www.atletica75.it\/wp2\/wp-json\/wp\/v2\/comments?post=4776"}],"version-history":[{"count":0,"href":"https:\/\/www.atletica75.it\/wp2\/wp-json\/wp\/v2\/posts\/4776\/revisions"}],"wp:attachment":[{"href":"https:\/\/www.atletica75.it\/wp2\/wp-json\/wp\/v2\/media?parent=4776"}],"wp:term":[{"taxonomy":"category","embeddable":true,"href":"https:\/\/www.atletica75.it\/wp2\/wp-json\/wp\/v2\/categories?post=4776"},{"taxonomy":"post_tag","embeddable":true,"href":"https:\/\/www.atletica75.it\/wp2\/wp-json\/wp\/v2\/tags?post=4776"}],"curies":[{"name":"wp","href":"https:\/\/api.w.org\/{rel}","templated":true}]}}