{"id":4800,"date":"2018-01-02T15:22:10","date_gmt":"2018-01-02T15:22:10","guid":{"rendered":"http:\/\/www.atletica75.it\/?p=4800"},"modified":"2018-01-02T15:22:10","modified_gmt":"2018-01-02T15:22:10","slug":"stagione-indoor-2018","status":"publish","type":"post","link":"https:\/\/www.atletica75.it\/wp2\/2018\/01\/02\/stagione-indoor-2018\/","title":{"rendered":"Stagione agonistica 2018"},"content":{"rendered":"<p><a href=\"https:\/\/www.atletica75.it\/wp2\/wp-content\/uploads\/2011\/05\/Stemma-A-75.gif\"><img decoding=\"async\" loading=\"lazy\" class=\"alignleft size-full wp-image-1083\" src=\"https:\/\/www.atletica75.it\/wp2\/wp-content\/uploads\/2011\/05\/Stemma-A-75.gif\" alt=\"\" width=\"201\" height=\"187\"><\/a>Pubblicato il planning 2018 dell&#8217;atletica nazionale e regionale. Spiccano gli appuntamenti classici della corsa campestre come il Campaccio di San Giorgio sul Legnano (MI) e i vari cross regionali ( Cesena, Formigine e Imola ), spicca il circuito di lanci invernali ( Modena, Carpi e Cattolica in regione ) e soprattutto l&#8217;attivit\u00e0 in sala. Ancona sar\u00e0 come di consueto il palcoscenico principale e ospiter\u00e0 tutte le massime rassegne individuali italiane ( Assoluti, Promesse, Junior e Allievi ) tranne <!--more-->le Prove Multiple che saranno di casa a Padova. L&#8217;Atletica 75 si presenta agguerrita con i suoi &#8220;gladiatori&#8221;. <strong>Lanci<\/strong>: Vittoria, Anita e Olivia stanno dando segnali incoraggianti in allenamento nelle rispettive specialit\u00e0, di certo saranno protagoniste in Emilia Romagna e cercheranno di guadagnarsi un posto nella finale nazionale invernale di Rieti ( 24\/25 febbraio ). I mesi freddi stanno complicando un p\u00f2 le cose soprattutto per gli allenamenti tecnici ma la tenacia \u00e8 tanta e le ragazze non si scoraggiano facilmente.&nbsp;<strong>Corse<\/strong>: non nascondiamo la grande curiosit\u00e0 che c&#8217;\u00e8 nel gruppo corse e ostacoli che nei due mesi passati ha lavorato tanto e in modo coeso. Dai 60 ai 400 passando per la staffetta non ci si rende ancora bene conto di ci\u00f2 che possono valere i ragazzi ma i segnali sono davvero buoni. Aspettiamo i primi responsi. <strong>Salti<\/strong>: settore in fermento e in continuo cambiamento. Dopo la stagione 2017 sottotono si cercano riscatto e soddisfazioni, l&#8217;obiettivo sono i campionati italiani al coperto.&nbsp; Se il lungo e il triplo tengono duro, i salti in elevazione cercano continuit\u00e0 e un posto caldo dove verificare il tasso tecnico. Il settore <strong>podismo<\/strong> non molla mai.&nbsp; L&#8217;appuntamento dove i biancazzurri andranno in massa \u00e8 la gara su asfalto di Misano Adriatico di met\u00e0 febbraio, nella splendida cornice dell&#8217;autodromo di Santa Monica. Non dimentichiamoci per\u00f2 dei nostri portacolori che si cimentano anche nei cross e nelle gare indoor, campionati internazionali inclusi. Insomma ce ne \u00e8 per tutti i gusti. Avanti cos\u00ec !!!&nbsp;<\/p>\n","protected":false},"excerpt":{"rendered":"<p>Pubblicato il planning 2018 dell&#8217;atletica nazionale e regionale. Spiccano gli appuntamenti classici della corsa campestre come il Campaccio di San Giorgio sul Legnano (MI) e i vari cross regionali ( Cesena, Formigine e Imola ), spicca il circuito di lanci invernali ( Modena, Carpi e Cattolica in regione ) e soprattutto l&#8217;attivit\u00e0 in sala. Ancona [&hellip;]<\/p>\n","protected":false},"author":2,"featured_media":0,"comment_status":"closed","ping_status":"open","sticky":false,"template":"","format":"standard","meta":{"_et_pb_use_builder":"","_et_pb_old_content":"","_et_gb_content_width":"","footnotes":""},"categories":[10],"tags":[],"_links":{"self":[{"href":"https:\/\/www.atletica75.it\/wp2\/wp-json\/wp\/v2\/posts\/4800"}],"collection":[{"href":"https:\/\/www.atletica75.it\/wp2\/wp-json\/wp\/v2\/posts"}],"about":[{"href":"https:\/\/www.atletica75.it\/wp2\/wp-json\/wp\/v2\/types\/post"}],"author":[{"embeddable":true,"href":"https:\/\/www.atletica75.it\/wp2\/wp-json\/wp\/v2\/users\/2"}],"replies":[{"embeddable":true,"href":"https:\/\/www.atletica75.it\/wp2\/wp-json\/wp\/v2\/comments?post=4800"}],"version-history":[{"count":0,"href":"https:\/\/www.atletica75.it\/wp2\/wp-json\/wp\/v2\/posts\/4800\/revisions"}],"wp:attachment":[{"href":"https:\/\/www.atletica75.it\/wp2\/wp-json\/wp\/v2\/media?parent=4800"}],"wp:term":[{"taxonomy":"category","embeddable":true,"href":"https:\/\/www.atletica75.it\/wp2\/wp-json\/wp\/v2\/categories?post=4800"},{"taxonomy":"post_tag","embeddable":true,"href":"https:\/\/www.atletica75.it\/wp2\/wp-json\/wp\/v2\/tags?post=4800"}],"curies":[{"name":"wp","href":"https:\/\/api.w.org\/{rel}","templated":true}]}}