{"id":4854,"date":"2018-02-11T18:17:03","date_gmt":"2018-02-11T18:17:03","guid":{"rendered":"http:\/\/www.atletica75.it\/?p=4854"},"modified":"2018-02-11T18:17:03","modified_gmt":"2018-02-11T18:17:03","slug":"stagione-della-ginnastica-al-via","status":"publish","type":"post","link":"https:\/\/www.atletica75.it\/wp2\/2018\/02\/11\/stagione-della-ginnastica-al-via\/","title":{"rendered":"Stagione della Ginnastica al via"},"content":{"rendered":"<p>[singlepic id=1183 w= h= float=left]Nelle stesse ore in cui Anita Bartolini porta l&#8217;atletica cattolichina sul podio nazionale la ginnastica apre i battenti con la prima competizione dell&#8217;anno. A Rimini, la Federazione Ginnastica D&#8217;Italia insieme alla Polisportiva Celle organizza la prima prova del <!--more-->Campionato &#8220;Silver&#8221; LD, secondo contenitore per l&#8217;attivit\u00e0 agonistica federale dopo il &#8220;Gold&#8221;. Nella categoria di et\u00e0 e abilit\u00e0 Junior 1 Alessia Bontempi conquista subito una bella terza piazza nella classifica generale! Gara gestita con i nervi saldi dimostrando caparbiet\u00e0 dopo una caduta su un elemento nuovo alla trave e una inattesa sbavatura ai &#8220;pivot&#8221; del corpo libero. Alla sua compagna Nausicaa Maioli va un p\u00f2 meno bene, finisce a met\u00e0 classifica nella categoria Allieve 4; prova senza grosse imperfezioni ma che non basta per scalare pi\u00f9 classifica.&nbsp;<\/p>\n<p>Altre due ginnaste biancazzurre erano iscritte a Rimini nel comparto &#8220;Silver&#8221; LC. Chiara Leardini ( Allieve) e Margherita Facondini (Junior). Prova d&#8217;esordio difficile, come tutti gli esordi di tutte le annate&#8230;\u00e8 pur sempre una prima volta. Margherita dimostra regolarit\u00e0 in tutti gli attrezzi ma se la cava meglio a trave e corpo libero. Chiara tiene bene le rotazioni, litiga solo un p\u00f2 con le complicate parallele. Alla fine 14^ Megghi e 10^ Chiara nelle rispettive categorie. Buone sensazioni sui nuovi esercizi messi in piedi in questi mesi.<\/p>\n","protected":false},"excerpt":{"rendered":"<p>[singlepic id=1183 w= h= float=left]Nelle stesse ore in cui Anita Bartolini porta l&#8217;atletica cattolichina sul podio nazionale la ginnastica apre i battenti con la prima competizione dell&#8217;anno. A Rimini, la Federazione Ginnastica D&#8217;Italia insieme alla Polisportiva Celle organizza la prima prova del<\/p>\n","protected":false},"author":2,"featured_media":0,"comment_status":"closed","ping_status":"open","sticky":false,"template":"","format":"standard","meta":{"_et_pb_use_builder":"","_et_pb_old_content":"","_et_gb_content_width":"","footnotes":""},"categories":[13],"tags":[],"_links":{"self":[{"href":"https:\/\/www.atletica75.it\/wp2\/wp-json\/wp\/v2\/posts\/4854"}],"collection":[{"href":"https:\/\/www.atletica75.it\/wp2\/wp-json\/wp\/v2\/posts"}],"about":[{"href":"https:\/\/www.atletica75.it\/wp2\/wp-json\/wp\/v2\/types\/post"}],"author":[{"embeddable":true,"href":"https:\/\/www.atletica75.it\/wp2\/wp-json\/wp\/v2\/users\/2"}],"replies":[{"embeddable":true,"href":"https:\/\/www.atletica75.it\/wp2\/wp-json\/wp\/v2\/comments?post=4854"}],"version-history":[{"count":0,"href":"https:\/\/www.atletica75.it\/wp2\/wp-json\/wp\/v2\/posts\/4854\/revisions"}],"wp:attachment":[{"href":"https:\/\/www.atletica75.it\/wp2\/wp-json\/wp\/v2\/media?parent=4854"}],"wp:term":[{"taxonomy":"category","embeddable":true,"href":"https:\/\/www.atletica75.it\/wp2\/wp-json\/wp\/v2\/categories?post=4854"},{"taxonomy":"post_tag","embeddable":true,"href":"https:\/\/www.atletica75.it\/wp2\/wp-json\/wp\/v2\/tags?post=4854"}],"curies":[{"name":"wp","href":"https:\/\/api.w.org\/{rel}","templated":true}]}}