{"id":4892,"date":"2018-03-19T14:08:20","date_gmt":"2018-03-19T14:08:20","guid":{"rendered":"http:\/\/www.atletica75.it\/?p=4892"},"modified":"2018-03-19T14:08:20","modified_gmt":"2018-03-19T14:08:20","slug":"1011-marzo-atletica-e-ginnastica-si-dividono-la-scena","status":"publish","type":"post","link":"https:\/\/www.atletica75.it\/wp2\/2018\/03\/19\/1011-marzo-atletica-e-ginnastica-si-dividono-la-scena\/","title":{"rendered":"10\/11 marzo, atletica e ginnastica si dividono la scena"},"content":{"rendered":"<p><a href=\"https:\/\/www.atletica75.it\/wp2\/wp-content\/uploads\/2015\/11\/cropped-testata-web-atletica.png\"><img decoding=\"async\" loading=\"lazy\" class=\"alignleft size-thumbnail wp-image-3679\" src=\"https:\/\/www.atletica75.it\/wp2\/wp-content\/uploads\/2015\/11\/cropped-testata-web-atletica-150x150.png\" alt=\"\" width=\"150\" height=\"150\"><\/a>Intenso fine settimana di sport. Due giorni di sport &#8220;minori&#8221; come \u00e8 consuetudine chiamarli. Di fronte alla notoriet\u00e0 dei colossi di squadra che riempiono stadi e palazzetti la visibilit\u00e0 \u00e8 offuscata ma se l&#8217;aggettivo che aggiungiamo \u00e8 &#8220;olimpico&#8221; tutto cambia. L&#8217;adrenalina che le ginnaste e gli atleti mostrano \u00e8 pari agli scenari a cinque cerchi: tremore, grinta, lacrime, sorrisi, riscaldamenti meticolosi, gesti precisi, piccole sbavature, azioni potenti. Questo \u00e8 il nostro spettacolo.&nbsp;<\/p>\n<p>Ha iniziato la ginnastica artistica sabato pomeriggio alle 14,30 con la 2^ categoria UISP. Per<!--more--> noi Agata Conti, Gigliola Bizzocchi, Giulia Pierro. Dopo le incertezze di inizio stagione le bimbe hanno trovato la giusta concentrazione&nbsp; e riposto fiducia in s\u00e9 stesse e i risultati sono arrivati ( due su tre a podio!). La domenica le categorie dalla 3^ alla 5^, le pi\u00f9 impegnative del panorama tecnico. Le biancazzurre iscritte sono state Manuela Po Baldrighi, Janel Amoah, Giulia Massimi, Virginia Cecchini, Erica Brunetti, Vanessa Casadei, Noemi Guidi, Lucia Magnani, Elisa Ortolani, Giorgia Castaldo, Alessia Bontempi, Chiara Leardini, Margherita Facondini, Nausicaa Maioli. Di seguito il dettagliato commento delle allenatrici:<\/p>\n<div><em><u>Terza categoria junior<\/u>&nbsp;(Chiara)&nbsp;<u>e senior<\/u>&nbsp;(Margherita, Vanessa)<\/em><\/div>\n<div><em>CHIARA: nonostante una gara non alla perfezione a trave e parallele \u00e8 riuscita a strappare il 5^ posto nella classifica generale e il 1^ posto al corpo libero (che si \u00e8 dimostrato ancora una volta il suo attrezzo di punta), con una gara pi\u00f9 regolare il podio \u00e8 alla sua portata<\/em><\/div>\n<div><em>MARGHERITA: gara regolare, forse un p\u00f2 di stanchezza considerati i numerosi impegni di stagione, sta lavorando per arrivare al massimo della forma, qualche incertezza a trave e parallele la fermano al 7^ posto in classifica&#8230;peccato&#8230;&nbsp;<\/em><\/div>\n<div><em>VANESSA: nonostante le fatiche degli ultimi allenamenti, la gara \u00e8 stata una svolta positiva per questa ginnasta&#8230;la speranza \u00e8 che l&#8217; 8^ posto raggiunto nella classifica generale possa essere di stimolo per ricominciare a lavorare fin da subito e migliorarsi nel proseguo della stagione<\/em><\/div>\n<div>&nbsp;<\/div>\n<div><em><u>Terza categoria specialit\u00e0<\/u>:<\/em><\/div>\n<div><em>JANEL, GIULIA, VIRGINIA le nostre rappresentanti in questa categoria, &#8220;le veterane&#8221; sono ancora l\u00ec in gara a dire la loro e la classifica lo dimostra. 30 ginnaste in gara:<\/em><\/div>\n<div><em>JANEL 10^ a trave, 12^ corpo libero<\/em><\/div>\n<div><em>GIULIA 6^&nbsp; a trave, 9^ corpo libero<\/em><\/div>\n<div><em>VIRGINIA 16^ a trave, 22^ corpo libero<\/em><\/div>\n<div>&nbsp;<\/div>\n<div><em><span style=\"text-decoration: underline;\">Quarta categoria junior<\/span>: NAUSICAA<\/em><\/div>\n<div><em>Nonostante fosse l&#8217;unica ginnasta in gara in questa categoria, il suo obbiettivo era quello di portare a casa una gara lineare senza incertezze, all&#8217;altezza del suo potenziale&#8230;obbiettivo centrato, i punteggi di gara lo dimostrano!<\/em><\/div>\n<div>&nbsp;<\/div>\n<div><em><span style=\"text-decoration: underline;\">Quarta categoria senior<\/span> (ALESSIA, NOEMI, GIORGIA)<\/em><\/div>\n<div><em>ALESSIA: ancora una volta il suo attrezzo di punta sono state le parallele, dove \u00e8 salita sul 2^ gradino pi\u00f9 alto del podio. una gara regolare sugli altri attrezzi le ha permesso di piazzarsi in 5^ posizione nella classifica generale, a pochissimi punti di distanza dal podio&#8230;brava!<\/em><\/div>\n<div><em>NOEMI: manca ancora un p\u00f2 di decisione. La gara per Noemi \u00e8 stata altalenante, ha alternato prestazioni di buon livello a corpo libero e trave ad altre pi\u00f9 incerte a volteggio e corpo libero. Finisce nella parte bassa della classifica, ma il suo potenziale \u00e8 decisamente pi\u00f9 alto.<\/em><\/div>\n<div><em>GIORGIA: fuori dai giochi per problemi fisici&#8230; forza Giorgia, ti aspettiamo alla seconda prova di Maggio per staccare il biglietto dei campionati nazionali!<\/em><\/div>\n<div>&nbsp;<\/div>\n<div><em><span style=\"text-decoration: underline;\">4^ categoria specialit\u00e0<\/span>:<\/em><\/div>\n<div><em>LUCIA, MANUELA, ERICA, LUCREZIA<\/em><\/div>\n<div><em>una categoria difficile quella di 4^ specialit\u00e0 che vede a confronto le migliori ginnaste della regione cimentarsi su una gara a classifica per attrezzo.<\/em><\/div>\n<div><em>Buoni e incoraggianti i risultati di Lucia a trave (3^ class) e corpo libero (3^ class), un buonissimo rientro sulle pedane di gara per questa nostra ginnasta. Manuela la segue a ruota in 4^ posizione a trave mentre si aggiudica il gradino pi\u00f9 alto del podio a corpo libero.<\/em><\/div>\n<div><em>Erica bloccata a letto dall&#8217;influenza. Un grande in bocca al lupo di pronta guarigione.<\/em><\/div>\n<div><em>Lucrezia ferma ai blocchi di partenza, la vedremo sicuramente insieme alle compagne nella fase finale regionale di maggio!<\/em><\/div>\n<div>&nbsp;<\/div>\n<div><em>5^ Specialit\u00e0:<\/em><\/div>\n<div><em>unica portacolori ELISA, oramai una certezza, Elisa si aggiudica il primo posto a trave e il terzo a corpo libero&#8230;da sempre i suoi attrezzi migliori. Avanti cos\u00ec!!<\/em><\/div>\n<div>&nbsp;<\/div>\n<p>Sempre la domenica erano impegnate anche pista e pedane dell&#8217;atletica leggera. Sull&#8217;anello a sei corsie del &#8220;Calbi&#8221; la prima tappa del Campionato regionale di Marcia mentre nella zona lanci di Via Larga il Campionato Invernale Giovanile di Lanci (lancio del martello, lancio del disco, tiro del giavellotto). Gli Under 15 dell&#8217;Atletica presenti: Danilo Cimmino, Yan Rozhov, Nicol\u00f2 Bertuccioli, Gianmaria Semprini. Maschietti che, anche senza il tifo delle compagne di allenamento, hanno sperimentato disco e giavellotto in funzione delle gare di prove multiple di aprile, vero obiettivo stagionale. Il migliore dei cadetti \u00e8 stato Danilo che ha strappato la finale sia nel disco che nel giavellotto; buona prova di Nicol\u00f2 e di Gianmaria nel giavellotto e Yan nel disco. Vittoria per le nostre allieve: Vittoria Bacchini 32,90m nel disco e Olivia Maltoni nel giavellotto con 36,41m.&nbsp;<\/p>\n<p>L&#8217;impegno organizzativo \u00e8 stato considerevole ma, come sempre, ne \u00e8 proprio valsa la pena. Ne vale sempre la pena se sono i ragazzi ad essere protagonisti.&nbsp;<\/p>\n","protected":false},"excerpt":{"rendered":"<p>Intenso fine settimana di sport. Due giorni di sport &#8220;minori&#8221; come \u00e8 consuetudine chiamarli. Di fronte alla notoriet\u00e0 dei colossi di squadra che riempiono stadi e palazzetti la visibilit\u00e0 \u00e8 offuscata ma se l&#8217;aggettivo che aggiungiamo \u00e8 &#8220;olimpico&#8221; tutto cambia. L&#8217;adrenalina che le ginnaste e gli atleti mostrano \u00e8 pari agli scenari a cinque cerchi: [&hellip;]<\/p>\n","protected":false},"author":2,"featured_media":0,"comment_status":"closed","ping_status":"open","sticky":false,"template":"","format":"standard","meta":{"_et_pb_use_builder":"","_et_pb_old_content":"","_et_gb_content_width":"","footnotes":""},"categories":[10,13],"tags":[],"_links":{"self":[{"href":"https:\/\/www.atletica75.it\/wp2\/wp-json\/wp\/v2\/posts\/4892"}],"collection":[{"href":"https:\/\/www.atletica75.it\/wp2\/wp-json\/wp\/v2\/posts"}],"about":[{"href":"https:\/\/www.atletica75.it\/wp2\/wp-json\/wp\/v2\/types\/post"}],"author":[{"embeddable":true,"href":"https:\/\/www.atletica75.it\/wp2\/wp-json\/wp\/v2\/users\/2"}],"replies":[{"embeddable":true,"href":"https:\/\/www.atletica75.it\/wp2\/wp-json\/wp\/v2\/comments?post=4892"}],"version-history":[{"count":0,"href":"https:\/\/www.atletica75.it\/wp2\/wp-json\/wp\/v2\/posts\/4892\/revisions"}],"wp:attachment":[{"href":"https:\/\/www.atletica75.it\/wp2\/wp-json\/wp\/v2\/media?parent=4892"}],"wp:term":[{"taxonomy":"category","embeddable":true,"href":"https:\/\/www.atletica75.it\/wp2\/wp-json\/wp\/v2\/categories?post=4892"},{"taxonomy":"post_tag","embeddable":true,"href":"https:\/\/www.atletica75.it\/wp2\/wp-json\/wp\/v2\/tags?post=4892"}],"curies":[{"name":"wp","href":"https:\/\/api.w.org\/{rel}","templated":true}]}}