{"id":4983,"date":"2018-05-07T13:53:53","date_gmt":"2018-05-07T13:53:53","guid":{"rendered":"http:\/\/www.atletica75.it\/?p=4983"},"modified":"2018-05-07T13:53:53","modified_gmt":"2018-05-07T13:53:53","slug":"salti-e-lanci-a-modena","status":"publish","type":"post","link":"https:\/\/www.atletica75.it\/wp2\/2018\/05\/07\/salti-e-lanci-a-modena\/","title":{"rendered":"Salti e lanci a Modena"},"content":{"rendered":"<p>[singlepic id=1196 w= h= float=left]Fine settimana tra luci ed ombre a Modena per il consueto appuntamento con i Campionati di Societ\u00e0 2018 aperti anche agli atleti individualisti. Piccolo gruppo quello dell&#8217;Atletica 75 in questa domenica che doveva essere piovosa e che invece ha riservato un <!--more-->clima ideale per dedicarsi alla regina degli sport. Dai salti in estensione qualche ombra. I tre ragazzi di casa nostra, Alessandro Temellini, Valentina Albertini e Giorgia Saioni hanno litigato con la rincorsa sulla pedana del salto in lungo e l&#8217;imprecisione ha giocato un brutto scherzo. Misure che non corrispondono al reale valore per Ale e Giorgia, addirittura Valentina fa segnare sul foglio gara le tre X che corrispondono a tre prove nulle. Gli animi sono risultati per\u00f2 sereni perch\u00e9 c&#8217;\u00e8 &#8220;modo e modo&#8221; di sbagliare una gara e i ragazzi lo hanno fatto con bei segnali e con la consapevolezza di poter subito rimediare agli errori odierni. Le pedane dei lanci invece regalano soddisfazioni. Nel lancio del disco Vittoria Bacchini ritocca nuovamente il suo record e lo porta a 35,90m con un secondo lancio centrato alla grande ( terza piazza assoluta! ) mentre la ritrovata Olivia Maltoni scaglia il giavellotto da 600gr. a 36,29m, sua seconda miglior misura con l&#8217;attrezzo della categoria superiore. Settimana prossima gare dedicate alle annate 2001 e 2002 a Reggio Emilia.&nbsp;<\/p>\n","protected":false},"excerpt":{"rendered":"<p>[singlepic id=1196 w= h= float=left]Fine settimana tra luci ed ombre a Modena per il consueto appuntamento con i Campionati di Societ\u00e0 2018 aperti anche agli atleti individualisti. Piccolo gruppo quello dell&#8217;Atletica 75 in questa domenica che doveva essere piovosa e che invece ha riservato un<\/p>\n","protected":false},"author":2,"featured_media":0,"comment_status":"closed","ping_status":"open","sticky":false,"template":"","format":"standard","meta":{"_et_pb_use_builder":"","_et_pb_old_content":"","_et_gb_content_width":"","footnotes":""},"categories":[10],"tags":[],"_links":{"self":[{"href":"https:\/\/www.atletica75.it\/wp2\/wp-json\/wp\/v2\/posts\/4983"}],"collection":[{"href":"https:\/\/www.atletica75.it\/wp2\/wp-json\/wp\/v2\/posts"}],"about":[{"href":"https:\/\/www.atletica75.it\/wp2\/wp-json\/wp\/v2\/types\/post"}],"author":[{"embeddable":true,"href":"https:\/\/www.atletica75.it\/wp2\/wp-json\/wp\/v2\/users\/2"}],"replies":[{"embeddable":true,"href":"https:\/\/www.atletica75.it\/wp2\/wp-json\/wp\/v2\/comments?post=4983"}],"version-history":[{"count":0,"href":"https:\/\/www.atletica75.it\/wp2\/wp-json\/wp\/v2\/posts\/4983\/revisions"}],"wp:attachment":[{"href":"https:\/\/www.atletica75.it\/wp2\/wp-json\/wp\/v2\/media?parent=4983"}],"wp:term":[{"taxonomy":"category","embeddable":true,"href":"https:\/\/www.atletica75.it\/wp2\/wp-json\/wp\/v2\/categories?post=4983"},{"taxonomy":"post_tag","embeddable":true,"href":"https:\/\/www.atletica75.it\/wp2\/wp-json\/wp\/v2\/tags?post=4983"}],"curies":[{"name":"wp","href":"https:\/\/api.w.org\/{rel}","templated":true}]}}