{"id":5022,"date":"2018-06-11T11:27:03","date_gmt":"2018-06-11T11:27:03","guid":{"rendered":"http:\/\/www.atletica75.it\/?p=5022"},"modified":"2018-06-11T11:27:03","modified_gmt":"2018-06-11T11:27:03","slug":"campionati-nazionali-uisp-artistica-femminile-epilogo","status":"publish","type":"post","link":"https:\/\/www.atletica75.it\/wp2\/2018\/06\/11\/campionati-nazionali-uisp-artistica-femminile-epilogo\/","title":{"rendered":"Campionati Nazionali UISP Artistica Femminile &#8211; Epilogo"},"content":{"rendered":"<p><a href=\"https:\/\/www.atletica75.it\/wp2\/wp-content\/uploads\/2018\/05\/Cattura.png\"><img decoding=\"async\" loading=\"lazy\" class=\"alignleft size-thumbnail wp-image-5000\" src=\"https:\/\/www.atletica75.it\/wp2\/wp-content\/uploads\/2018\/05\/Cattura-150x150.png\" alt=\"\" width=\"150\" height=\"150\"><\/a>Due settimane intense ed emozionanti, due settimane che hanno messo duramente alla prova il nostro gruppo di lavoro. L&#8217;ultima edizione dei Campionati organizzata a Cattolica fu nel 2012 e non era scontato che fosse tutto cos\u00ec facile, da quella data tanto \u00e8 cambiato. Hanno gareggiato bimbe nuove, alcune ragazze sono passate &#8220;dietro le quinte&#8221; come insegnanti, altre ci hanno sostenuto da lontano e lo abbiamo sentito.<!--more--> Ci sono stati poi genitori neofiti che hanno iniziato a conoscere l&#8217;ambiente della societ\u00e0 e della ginnastica. E&#8217; cambiata la UISP che ha visto alcuni volti nuovi sedersi al tavolo della giuria, ci sono stati avvicendamenti in alcuni ruoli da responsabile tecnico, la logistica \u00e8 del tutto differente rispetto a sei anni fa. Insomma abbiamo vissuto un campionato come fosse un esordio. D&#8217;altronde \u00e8 sempre la prima volta, l&#8217;atmosfera di una gara ha sempre qualcosa di originale.<\/p>\n<p>I primi quattro giorni hanno visto in scena le categorie &#8220;alte&#8221;, ginnaste navigate che hanno mostrato esercizi di buona caratura, sfide mozzafiato alle parallele e alla trave, corpi liberi magnifici, volteggi impegnativi. Madrina d&#8217;eccezione \u00e8 stata Lara Mori, ginnasta della nazionale italiana che sta facendo vedere ottime cose a livello internazionale, possibile erede della generazione di Vanessa Ferrari. Il pubblico presente \u00e8 rimasto stupito quando si \u00e8 esibita in alcune diagonali acrobatiche al corpo libero, non capita tutti i giorni di vedere da vicino un atleta olimpionico esibirsi ! Nel secondo week end abbiamo scelto un testimonial della nostra citt\u00e0, Niccol\u00f2 Antonelli, pilota di Moto 3 che sta facendo a &#8220;sportellate&#8221; in pista per avanzare nella classifica mondiale. Sebbene pratichi una disciplina particolare come il motociclismo, \u00e8 la dimostrazione di come una cittadina come Cattolica possa lavorare per sfornare diverse eccellenze sportive. Le piccole ginnaste delle prime categorie, alcune al battesimo agonistico, si sono date battaglia a trave, corpo libero, trampolino e parallele.&nbsp;&nbsp;<\/p>\n<p>Passando ai risultati delle nostre bambine possiamo dire che il tasso tecnico \u00e8 stato veramente all&#8217;altezza del Campionato, sono arrivate preparate e sapevano esattamente il funzionamento di un &#8220;nazionale&#8221;, merito dei nostri insegnanti che hanno spiegato loro i dettagli, i rischi e le strategie per fare bene. Frutto questo di osservazioni equilibrate, giudizi corretti, aspettative reali. Infatti sono arrivati diversi podi individuali e piazzamenti per attrezzo che hanno soddisfatto le bambine, alcune sono rimaste felicemente sorprese! Il bottino di coppe e medaglie va ad ingrossare il gi\u00e0 nutrito scaffale dei trofei sociali. Ora ci si rimette subito al lavoro in vista dell&#8217;attivit\u00e0 di federazione, la FGI, che a Rimini ospiter\u00e0 a fine giugno un week end di assoluto rilievo. Gli esercizi devono essere ritoccati, alcuni elementi sono nuovi, alcune combinazioni ginnico-artistiche da sistemare ma di certo la carica agonistica acquisita a Cattolica sar\u00e0 di sostegno alle bimbe, il loro carattere sar\u00e0 pi\u00f9 forte.&nbsp;&nbsp;<\/p>\n<p>I ringraziamenti vanno a tutti, indistintamente e in maniera incondizionata, per l&#8217; impegno assiduo e la partecipazione encomiabile, elementi che insieme alla passione fanno di una squadra una bella squadra. L&#8217;auspicio \u00e8 che tutto ci\u00f2 fiorisca ancora per dare nuova linfa all&#8217;Atletica 75.<\/p>\n<p>Risultati su www.UISP.it\/leginnastiche e sulla App dei Campionati&nbsp;<\/p>\n","protected":false},"excerpt":{"rendered":"<p>Due settimane intense ed emozionanti, due settimane che hanno messo duramente alla prova il nostro gruppo di lavoro. L&#8217;ultima edizione dei Campionati organizzata a Cattolica fu nel 2012 e non era scontato che fosse tutto cos\u00ec facile, da quella data tanto \u00e8 cambiato. Hanno gareggiato bimbe nuove, alcune ragazze sono passate &#8220;dietro le quinte&#8221; come [&hellip;]<\/p>\n","protected":false},"author":2,"featured_media":0,"comment_status":"closed","ping_status":"open","sticky":false,"template":"","format":"standard","meta":{"_et_pb_use_builder":"","_et_pb_old_content":"","_et_gb_content_width":"","footnotes":""},"categories":[13],"tags":[],"_links":{"self":[{"href":"https:\/\/www.atletica75.it\/wp2\/wp-json\/wp\/v2\/posts\/5022"}],"collection":[{"href":"https:\/\/www.atletica75.it\/wp2\/wp-json\/wp\/v2\/posts"}],"about":[{"href":"https:\/\/www.atletica75.it\/wp2\/wp-json\/wp\/v2\/types\/post"}],"author":[{"embeddable":true,"href":"https:\/\/www.atletica75.it\/wp2\/wp-json\/wp\/v2\/users\/2"}],"replies":[{"embeddable":true,"href":"https:\/\/www.atletica75.it\/wp2\/wp-json\/wp\/v2\/comments?post=5022"}],"version-history":[{"count":0,"href":"https:\/\/www.atletica75.it\/wp2\/wp-json\/wp\/v2\/posts\/5022\/revisions"}],"wp:attachment":[{"href":"https:\/\/www.atletica75.it\/wp2\/wp-json\/wp\/v2\/media?parent=5022"}],"wp:term":[{"taxonomy":"category","embeddable":true,"href":"https:\/\/www.atletica75.it\/wp2\/wp-json\/wp\/v2\/categories?post=5022"},{"taxonomy":"post_tag","embeddable":true,"href":"https:\/\/www.atletica75.it\/wp2\/wp-json\/wp\/v2\/tags?post=5022"}],"curies":[{"name":"wp","href":"https:\/\/api.w.org\/{rel}","templated":true}]}}