{"id":5069,"date":"2018-07-21T13:54:53","date_gmt":"2018-07-21T13:54:53","guid":{"rendered":"http:\/\/www.atletica75.it\/?p=5069"},"modified":"2018-07-21T13:54:53","modified_gmt":"2018-07-21T13:54:53","slug":"vittoria-bacchini-migliora-a-imola","status":"publish","type":"post","link":"https:\/\/www.atletica75.it\/wp2\/2018\/07\/21\/vittoria-bacchini-migliora-a-imola\/","title":{"rendered":"Vittoria Bacchini migliora a Imola"},"content":{"rendered":"<p>[singlepic id=1206 w= h= float=left]Tempo di meeting estivi per l&#8217;atletica leggera. In questo mese di luglio in particolare Imola \u00e8 stata protagonista della migliore atletica regionale ( e non solo ) con tre appuntamenti, l&#8217;ultimo dei quali gioved\u00ec scorso. Spicca il record personale di Vittoria Bacchini nel lancio <!--more-->del disco che sale a 40,43m. Bel risultato che la proietta ancora pi\u00f9 in alto nelle liste stagionali tra le Allieve ( annate 2001\/2002 ). Nella stessa riunione Valeria Cecchini eguaglia il suo record nell&#8217;asta, 3 metri, che per\u00f2 non la soddisfa affatto; particolari tecnici non assimilati limitano ancora le sue ben pi\u00f9 alte possibilit\u00e0.&nbsp;<\/p>\n","protected":false},"excerpt":{"rendered":"<p>[singlepic id=1206 w= h= float=left]Tempo di meeting estivi per l&#8217;atletica leggera. In questo mese di luglio in particolare Imola \u00e8 stata protagonista della migliore atletica regionale ( e non solo ) con tre appuntamenti, l&#8217;ultimo dei quali gioved\u00ec scorso. Spicca il record personale di Vittoria Bacchini nel lancio<\/p>\n","protected":false},"author":2,"featured_media":0,"comment_status":"closed","ping_status":"open","sticky":false,"template":"","format":"standard","meta":{"_et_pb_use_builder":"","_et_pb_old_content":"","_et_gb_content_width":"","footnotes":""},"categories":[10],"tags":[],"_links":{"self":[{"href":"https:\/\/www.atletica75.it\/wp2\/wp-json\/wp\/v2\/posts\/5069"}],"collection":[{"href":"https:\/\/www.atletica75.it\/wp2\/wp-json\/wp\/v2\/posts"}],"about":[{"href":"https:\/\/www.atletica75.it\/wp2\/wp-json\/wp\/v2\/types\/post"}],"author":[{"embeddable":true,"href":"https:\/\/www.atletica75.it\/wp2\/wp-json\/wp\/v2\/users\/2"}],"replies":[{"embeddable":true,"href":"https:\/\/www.atletica75.it\/wp2\/wp-json\/wp\/v2\/comments?post=5069"}],"version-history":[{"count":0,"href":"https:\/\/www.atletica75.it\/wp2\/wp-json\/wp\/v2\/posts\/5069\/revisions"}],"wp:attachment":[{"href":"https:\/\/www.atletica75.it\/wp2\/wp-json\/wp\/v2\/media?parent=5069"}],"wp:term":[{"taxonomy":"category","embeddable":true,"href":"https:\/\/www.atletica75.it\/wp2\/wp-json\/wp\/v2\/categories?post=5069"},{"taxonomy":"post_tag","embeddable":true,"href":"https:\/\/www.atletica75.it\/wp2\/wp-json\/wp\/v2\/tags?post=5069"}],"curies":[{"name":"wp","href":"https:\/\/api.w.org\/{rel}","templated":true}]}}