{"id":5093,"date":"2018-10-02T13:24:01","date_gmt":"2018-10-02T13:24:01","guid":{"rendered":"http:\/\/www.atletica75.it\/?p=5093"},"modified":"2018-10-02T13:24:01","modified_gmt":"2018-10-02T13:24:01","slug":"storica-impresa-nel-week-end","status":"publish","type":"post","link":"https:\/\/www.atletica75.it\/wp2\/2018\/10\/02\/storica-impresa-nel-week-end\/","title":{"rendered":"Storica impresa nel week end"},"content":{"rendered":"<p>[singlepic id=1209 w= h= float=center]Un week end molto originale per il nostro Massimo Sacanna ( a sinistra nella foto ), il riminese d&#8217;origine tesserato per i colori biancazzurri che nel fine settimana scorso ha preso parte all&#8217;ultramaratona da Sparta ad Atene, la Spartathlon, pi\u00f9 di 240 km di duro percorso su suolo ellenico. Su 400 <!--more-->partenti il podista romagnolo si \u00e8 classificato a met\u00e0 classifica terminando la corsa in 35h 37&#8242; 48&#8243;. Tenacia, duri allenamenti, passione e orgoglio hanno contribuito a portare a casa questa impresa. Orgoglio che accomuna tutti i &#8220;runners&#8221; dell&#8217;Atletica 75.&nbsp;<\/p>\n<p>A proposito di orgoglio, oltre a Sacanna, il 2018 ha visto molti podisti cimentarsi in corse oltre la classica maratona, gare con dislivelli pazzeschi, su percorsi massacranti, chilometri appassionati e densi di una energia invidiabile. Per citarne solo alcuni: Luca Gallinucci, Remo Magnani, Filippo Mattioli Valentini, Marco Mancini, Marco Barilli, Danilo Biagiotti, Alessandro Galeazzi, Andrea Conti, Emanuele Morosini, Paolo Montesi. Soddisfazione ulteriore c&#8217;\u00e8 ogni domenica per chi batte le strade della romagna e delle Marche nelle classiche del calendario.&nbsp;<\/p>\n<p>La societ\u00e0 tutta \u00e8 orgogliosa di battere le mani a questi gladiatori della corsa.&nbsp;<\/p>\n","protected":false},"excerpt":{"rendered":"<p>[singlepic id=1209 w= h= float=center]Un week end molto originale per il nostro Massimo Sacanna ( a sinistra nella foto ), il riminese d&#8217;origine tesserato per i colori biancazzurri che nel fine settimana scorso ha preso parte all&#8217;ultramaratona da Sparta ad Atene, la Spartathlon, pi\u00f9 di 240 km di duro percorso su suolo ellenico. Su 400<\/p>\n","protected":false},"author":2,"featured_media":0,"comment_status":"closed","ping_status":"open","sticky":false,"template":"","format":"standard","meta":{"_et_pb_use_builder":"","_et_pb_old_content":"","_et_gb_content_width":"","footnotes":""},"categories":[14],"tags":[],"_links":{"self":[{"href":"https:\/\/www.atletica75.it\/wp2\/wp-json\/wp\/v2\/posts\/5093"}],"collection":[{"href":"https:\/\/www.atletica75.it\/wp2\/wp-json\/wp\/v2\/posts"}],"about":[{"href":"https:\/\/www.atletica75.it\/wp2\/wp-json\/wp\/v2\/types\/post"}],"author":[{"embeddable":true,"href":"https:\/\/www.atletica75.it\/wp2\/wp-json\/wp\/v2\/users\/2"}],"replies":[{"embeddable":true,"href":"https:\/\/www.atletica75.it\/wp2\/wp-json\/wp\/v2\/comments?post=5093"}],"version-history":[{"count":0,"href":"https:\/\/www.atletica75.it\/wp2\/wp-json\/wp\/v2\/posts\/5093\/revisions"}],"wp:attachment":[{"href":"https:\/\/www.atletica75.it\/wp2\/wp-json\/wp\/v2\/media?parent=5093"}],"wp:term":[{"taxonomy":"category","embeddable":true,"href":"https:\/\/www.atletica75.it\/wp2\/wp-json\/wp\/v2\/categories?post=5093"},{"taxonomy":"post_tag","embeddable":true,"href":"https:\/\/www.atletica75.it\/wp2\/wp-json\/wp\/v2\/tags?post=5093"}],"curies":[{"name":"wp","href":"https:\/\/api.w.org\/{rel}","templated":true}]}}