{"id":5187,"date":"2019-01-27T18:54:14","date_gmt":"2019-01-27T18:54:14","guid":{"rendered":"http:\/\/www.atletica75.it\/?p=5187"},"modified":"2019-01-27T18:54:14","modified_gmt":"2019-01-27T18:54:14","slug":"ragazzi-e-cadetti-ad-ancona","status":"publish","type":"post","link":"https:\/\/www.atletica75.it\/wp2\/2019\/01\/27\/ragazzi-e-cadetti-ad-ancona\/","title":{"rendered":"Ragazzi e Cadetti ad Ancona"},"content":{"rendered":"\n<figure class=\"wp-block-image\"><img decoding=\"async\" loading=\"lazy\" width=\"960\" height=\"720\" src=\"https:\/\/www.atletica75.it\/wp2\/wp-content\/uploads\/2019\/01\/Ancona20012019-4.jpg\" alt=\"\" class=\"wp-image-5197\" srcset=\"https:\/\/www.atletica75.it\/wp2\/wp-content\/uploads\/2019\/01\/Ancona20012019-4.jpg 960w, https:\/\/www.atletica75.it\/wp2\/wp-content\/uploads\/2019\/01\/Ancona20012019-4-480x360.jpg 480w\" sizes=\"(min-width: 0px) and (max-width: 480px) 480px, (min-width: 481px) 960px, 100vw\" \/><\/figure>\n\n\n\n<p>Due settimane di gare intense quelle al Palaindoor di Ancona, gare che hanno riservato piacevoli sorprese e belle conferme. I nostri giovani delle categorie Under 13 e Under 15 si sono cimentati in corse, salti e lanci. Dai 60 ostacoli i tempi pi\u00f9 interessanti, seguono le staffette delle rispettive categorie che hanno fatto registrare discreti responsi cronometrici e vittorie nelle rispettive batterie. <\/p>\n\n\n\n<!--more-->\n\n\n\n<p>Al coperto i lanci sono rappresentati dal solo getto del peso, specialit\u00e0 che ha visto protagonisti soprattutto i Ragazzi e le Ragazze con l&#8217;attrezzo da 2 kg. Volgendo lo sguardo alle pedane dei concorsi, quella dell&#8217;alto ha dato forti emozioni con un botta e risposta a distanza di una settimana tra due cadetti del 2004, entrambi ad un passo dall&#8217;abbattere il record sociale di categoria di 1,77 che resiste da parecchi anni; il detentore Francesco Arduini \u00e8 contento di questa sana sfida interna e tifa per i ragazzi. Anche il salto in lungo e il salto triplo sono stati ben addomesticati dai nostri atleti. Insomma, 15 giorni di sano sport, atletica divertente e sfide al cardiopalma come \u00e8 giusto che sia. <\/p>\n\n\n\n<p>La ciliegina sulla torta \u00e8 stato l&#8217;incontro con Alessia Trost, saltatrice in alto della Nazionale e bronzo mondiale indoor nel 2018 che si \u00e8 prestata molto volentieri alle foto di rito. Poter parlare anche solo un attimo con una campionessa di tale spessore \u00e8 una iniezione di fiducia e di motivazione davvero importante.<\/p>\n\n\n\n<p>Il numeroso gruppo sta lavorando abbastanza bene sul campo, si allena regolarmente grazie anche ad una discreta organizzazione personale ( riguardo alla scuola in particolare ), lotta a denti stretti contro il freddo di queste settimane invernali. Quando l&#8217;impegno e la passione ci sono, gli &#8220;zero gradi&#8221; non fanno paura. <\/p>\n\n\n\n[ngg src=&#8221;galleries&#8221; ids=&#8221;111&#8243; display=&#8221;basic_thumbnail&#8221;]\n","protected":false},"excerpt":{"rendered":"<p>Due settimane di gare intense quelle al Palaindoor di Ancona, gare che hanno riservato piacevoli sorprese e belle conferme. I nostri giovani delle categorie Under 13 e Under 15 si sono cimentati in corse, salti e lanci. Dai 60 ostacoli i tempi pi\u00f9 interessanti, seguono le staffette delle rispettive categorie che hanno fatto registrare discreti [&hellip;]<\/p>\n","protected":false},"author":2,"featured_media":0,"comment_status":"closed","ping_status":"open","sticky":false,"template":"","format":"standard","meta":{"_et_pb_use_builder":"","_et_pb_old_content":"","_et_gb_content_width":"","footnotes":""},"categories":[10],"tags":[],"_links":{"self":[{"href":"https:\/\/www.atletica75.it\/wp2\/wp-json\/wp\/v2\/posts\/5187"}],"collection":[{"href":"https:\/\/www.atletica75.it\/wp2\/wp-json\/wp\/v2\/posts"}],"about":[{"href":"https:\/\/www.atletica75.it\/wp2\/wp-json\/wp\/v2\/types\/post"}],"author":[{"embeddable":true,"href":"https:\/\/www.atletica75.it\/wp2\/wp-json\/wp\/v2\/users\/2"}],"replies":[{"embeddable":true,"href":"https:\/\/www.atletica75.it\/wp2\/wp-json\/wp\/v2\/comments?post=5187"}],"version-history":[{"count":0,"href":"https:\/\/www.atletica75.it\/wp2\/wp-json\/wp\/v2\/posts\/5187\/revisions"}],"wp:attachment":[{"href":"https:\/\/www.atletica75.it\/wp2\/wp-json\/wp\/v2\/media?parent=5187"}],"wp:term":[{"taxonomy":"category","embeddable":true,"href":"https:\/\/www.atletica75.it\/wp2\/wp-json\/wp\/v2\/categories?post=5187"},{"taxonomy":"post_tag","embeddable":true,"href":"https:\/\/www.atletica75.it\/wp2\/wp-json\/wp\/v2\/tags?post=5187"}],"curies":[{"name":"wp","href":"https:\/\/api.w.org\/{rel}","templated":true}]}}