{"id":5200,"date":"2019-01-27T19:16:41","date_gmt":"2019-01-27T19:16:41","guid":{"rendered":"http:\/\/www.atletica75.it\/?p=5200"},"modified":"2019-01-27T19:16:41","modified_gmt":"2019-01-27T19:16:41","slug":"lanci-invernali-a-cesena","status":"publish","type":"post","link":"https:\/\/www.atletica75.it\/wp2\/2019\/01\/27\/lanci-invernali-a-cesena\/","title":{"rendered":"Lanci invernali a Cesena"},"content":{"rendered":"\n<figure class=\"wp-block-image\"><img decoding=\"async\" loading=\"lazy\" width=\"854\" height=\"480\" src=\"https:\/\/www.atletica75.it\/wp2\/wp-content\/uploads\/2016\/10\/Olli-Cles.jpg\" alt=\"\" class=\"wp-image-4216\" srcset=\"https:\/\/www.atletica75.it\/wp2\/wp-content\/uploads\/2016\/10\/Olli-Cles.jpg 854w, https:\/\/www.atletica75.it\/wp2\/wp-content\/uploads\/2016\/10\/Olli-Cles-480x270.jpg 480w\" sizes=\"(min-width: 0px) and (max-width: 480px) 480px, (min-width: 481px) 854px, 100vw\" \/><\/figure>\n\n\n\n<p>Oggi a Cesena era di scena la 1^ prova 2019 dei lanci invernali della nostra regione. Il freddo l&#8217;ha fatta da padrone, le condizioni non erano ideali per prestazioni di rilievo, ma la voglia di gareggiare era tanta. Olivia Maltoni esordisce ufficialmente nella categoria Juniores con il giavellotto da 600 grammi facendo atterrare l&#8217;attrezzo a 35,51m, buona misura di una serie di lanci tutta su questo livello. <\/p>\n\n\n\n<!--more-->\n\n\n\n<p>Anche per Vittoria Bacchini un esordio con la nuova maglia del Cus Parma Atletica, sodalizio prestigioso per cui garegger\u00e0 insieme alla compagna di allenamento Anita Bartolini. Non cambier\u00e0 nulla dal punto di vista degli allenamenti la cui sede rimarr\u00e0 quella dell&#8217;Atletica 75, ci sar\u00e0 un&#8217;opportunit\u00e0 in pi\u00f9 di prendere parte a gare di squadra della massima serie. Oggi Vittoria vince il suo lancio del disco con la misura di 36,05m. Un immenso in bocca al lupo per la nuova avventura.<\/p>\n","protected":false},"excerpt":{"rendered":"<p>Oggi a Cesena era di scena la 1^ prova 2019 dei lanci invernali della nostra regione. Il freddo l&#8217;ha fatta da padrone, le condizioni non erano ideali per prestazioni di rilievo, ma la voglia di gareggiare era tanta. Olivia Maltoni esordisce ufficialmente nella categoria Juniores con il giavellotto da 600 grammi facendo atterrare l&#8217;attrezzo a [&hellip;]<\/p>\n","protected":false},"author":2,"featured_media":0,"comment_status":"closed","ping_status":"open","sticky":false,"template":"","format":"standard","meta":{"_et_pb_use_builder":"","_et_pb_old_content":"","_et_gb_content_width":"","footnotes":""},"categories":[10],"tags":[],"_links":{"self":[{"href":"https:\/\/www.atletica75.it\/wp2\/wp-json\/wp\/v2\/posts\/5200"}],"collection":[{"href":"https:\/\/www.atletica75.it\/wp2\/wp-json\/wp\/v2\/posts"}],"about":[{"href":"https:\/\/www.atletica75.it\/wp2\/wp-json\/wp\/v2\/types\/post"}],"author":[{"embeddable":true,"href":"https:\/\/www.atletica75.it\/wp2\/wp-json\/wp\/v2\/users\/2"}],"replies":[{"embeddable":true,"href":"https:\/\/www.atletica75.it\/wp2\/wp-json\/wp\/v2\/comments?post=5200"}],"version-history":[{"count":0,"href":"https:\/\/www.atletica75.it\/wp2\/wp-json\/wp\/v2\/posts\/5200\/revisions"}],"wp:attachment":[{"href":"https:\/\/www.atletica75.it\/wp2\/wp-json\/wp\/v2\/media?parent=5200"}],"wp:term":[{"taxonomy":"category","embeddable":true,"href":"https:\/\/www.atletica75.it\/wp2\/wp-json\/wp\/v2\/categories?post=5200"},{"taxonomy":"post_tag","embeddable":true,"href":"https:\/\/www.atletica75.it\/wp2\/wp-json\/wp\/v2\/tags?post=5200"}],"curies":[{"name":"wp","href":"https:\/\/api.w.org\/{rel}","templated":true}]}}