{"id":5207,"date":"2019-02-06T09:45:07","date_gmt":"2019-02-06T09:45:07","guid":{"rendered":"http:\/\/www.atletica75.it\/?p=5207"},"modified":"2019-02-06T09:45:07","modified_gmt":"2019-02-06T09:45:07","slug":"ginnastica-a-rimini","status":"publish","type":"post","link":"https:\/\/www.atletica75.it\/wp2\/2019\/02\/06\/ginnastica-a-rimini\/","title":{"rendered":"Ginnastica a Rimini"},"content":{"rendered":"\n<figure class=\"wp-block-image\"><img decoding=\"async\" loading=\"lazy\" width=\"960\" height=\"720\" src=\"https:\/\/www.atletica75.it\/wp2\/wp-content\/uploads\/2019\/02\/RN-3feb2019.jpg\" alt=\"\" class=\"wp-image-5209\" srcset=\"https:\/\/www.atletica75.it\/wp2\/wp-content\/uploads\/2019\/02\/RN-3feb2019.jpg 960w, https:\/\/www.atletica75.it\/wp2\/wp-content\/uploads\/2019\/02\/RN-3feb2019-480x360.jpg 480w\" sizes=\"(min-width: 0px) and (max-width: 480px) 480px, (min-width: 481px) 960px, 100vw\" \/><\/figure>\n\n\n\n<p>La prima uscita della della sezione ginnastica dell&#8217;Atletica 75 in questo 2019 non poteva riservarci esito migliore. Il nutrito gruppo che ha partecipato alla gara di Federazione organizzata nella sede della Polisportiva Celle di Rimini ha portato a casa buoni risultati e medaglie. <\/p>\n\n\n\n<!--more-->\n\n\n\n<p>Le nostre ginnaste hanno combattuto con il coltello tra i denti per strappare un buon punteggio agli attrezzi, per eseguire con &#8220;pulizia&#8221; un esercizio provato e riprovato in palestra, per cercare di salire sull&#8217;ambito podio. Cos\u00ec \u00e8 stato, la conduzione di gara \u00e8 risultata buona, la concentrazione discreta. Gi\u00e0 dal riscaldamento si \u00e8 inteso che la giornata era quella giusta, un buon equilibrio tra attenzione e spensieratezza, buon ritmo, elementi eseguiti in modo preciso. Cadute alla trave ridotte al lumicino, parallele affrontate con determinazione, volteggi e corpi liberi eleganti. Di certo la strada \u00e8 ancora lunga in vista degli appuntamenti importanti della stagione ma ci\u00f2 che hanno notato le nostre allenatrici le conforta. Come si dice &#8220;chi ben inizia \u00e8 a met\u00e0 dell&#8217;opera&#8221;. <\/p>\n","protected":false},"excerpt":{"rendered":"<p>La prima uscita della della sezione ginnastica dell&#8217;Atletica 75 in questo 2019 non poteva riservarci esito migliore. Il nutrito gruppo che ha partecipato alla gara di Federazione organizzata nella sede della Polisportiva Celle di Rimini ha portato a casa buoni risultati e medaglie.<\/p>\n","protected":false},"author":2,"featured_media":0,"comment_status":"closed","ping_status":"open","sticky":false,"template":"","format":"standard","meta":{"_et_pb_use_builder":"","_et_pb_old_content":"","_et_gb_content_width":"","footnotes":""},"categories":[13],"tags":[],"_links":{"self":[{"href":"https:\/\/www.atletica75.it\/wp2\/wp-json\/wp\/v2\/posts\/5207"}],"collection":[{"href":"https:\/\/www.atletica75.it\/wp2\/wp-json\/wp\/v2\/posts"}],"about":[{"href":"https:\/\/www.atletica75.it\/wp2\/wp-json\/wp\/v2\/types\/post"}],"author":[{"embeddable":true,"href":"https:\/\/www.atletica75.it\/wp2\/wp-json\/wp\/v2\/users\/2"}],"replies":[{"embeddable":true,"href":"https:\/\/www.atletica75.it\/wp2\/wp-json\/wp\/v2\/comments?post=5207"}],"version-history":[{"count":0,"href":"https:\/\/www.atletica75.it\/wp2\/wp-json\/wp\/v2\/posts\/5207\/revisions"}],"wp:attachment":[{"href":"https:\/\/www.atletica75.it\/wp2\/wp-json\/wp\/v2\/media?parent=5207"}],"wp:term":[{"taxonomy":"category","embeddable":true,"href":"https:\/\/www.atletica75.it\/wp2\/wp-json\/wp\/v2\/categories?post=5207"},{"taxonomy":"post_tag","embeddable":true,"href":"https:\/\/www.atletica75.it\/wp2\/wp-json\/wp\/v2\/tags?post=5207"}],"curies":[{"name":"wp","href":"https:\/\/api.w.org\/{rel}","templated":true}]}}