{"id":5261,"date":"2019-04-15T09:00:39","date_gmt":"2019-04-15T09:00:39","guid":{"rendered":"http:\/\/www.atletica75.it\/?p=5261"},"modified":"2019-04-15T09:00:39","modified_gmt":"2019-04-15T09:00:39","slug":"week-end-di-gare","status":"publish","type":"post","link":"https:\/\/www.atletica75.it\/wp2\/2019\/04\/15\/week-end-di-gare\/","title":{"rendered":"Week end di gare"},"content":{"rendered":"\n<figure class=\"wp-block-image\"><img decoding=\"async\" loading=\"lazy\" width=\"854\" height=\"480\" src=\"https:\/\/www.atletica75.it\/wp2\/wp-content\/uploads\/2016\/10\/Olli-Cles.jpg\" alt=\"\" class=\"wp-image-4216\" srcset=\"https:\/\/www.atletica75.it\/wp2\/wp-content\/uploads\/2016\/10\/Olli-Cles.jpg 854w, https:\/\/www.atletica75.it\/wp2\/wp-content\/uploads\/2016\/10\/Olli-Cles-480x270.jpg 480w\" sizes=\"(min-width: 0px) and (max-width: 480px) 480px, (min-width: 481px) 854px, 100vw\" \/><figcaption>Olivia Maltoni ( repertorio )<\/figcaption><\/figure>\n\n\n\n<p>Lo stadio olimpico di San Marino e il campo scuola di Fermo sono state le due sedi di gara in cui i nostri atleti si sono cimentati nella prima uscita stagionale all&#8217;aperto. Le condizioni meteo non hanno aiutato di certo le prestazioni che hanno risentito in particolare delle basse temperature.<\/p>\n\n\n\n<!--more-->\n\n\n\n<p>Sabato 13 aprile, sul territorio della pi\u00f9 antica Repubblica d&#8217;Europa, sono stati protagonisti i velocisti sui 100 metri. Giulia Ercoles, alla sua prima gara sulla distanza, ferma il cronometro sul discreto tempo di 13&#8243;68 , dimostrando ampi margini di miglioramento,  <br>mentre Ilaria Vanni si divide tra rettilineo della velocit\u00e0 (13&#8243;82) e la pedana del salto con l&#8217;asta (2,40m). Al maschile Enrico pani fa segnare 12&#8243;20 e Niccol\u00f2 Battistelli 12&#8243;10. Le astiste faticano ad entrare in sintonia con l&#8217;asticella e non sono cos\u00ec impeccabili nella fase di &#8220;entrata\/stacco&#8221;. Risultato: Valentina D&#8217;altilia eguaglia a fatica il suo record di 2,50m mentre Valeria cecchini e Dalila Fanelli si fermano a 3 metri.<\/p>\n\n\n\n<p>Ventiquattro ore dopo, al freddo dell&#8217;impianto fermano di Via Leti, Olivia Maltoni assesta i primi due lanci di giavellotto sopra i 33 metri per poi allungarsi fino a 34,50m. La tecnica non ancora consolidata non le consente di migliorarsi negli ultimi due tentativi. Decisamente peggio \u00e8 andata a Luca Ricchiuti che, nonostante il netto miglioramento tecnico dell&#8217;ultimo periodo, si fa intimorire dalle condizioni di gara e registra tre X sul tabellino. Peccato davvero, appuntamento con il record personale rimandato.<\/p>\n","protected":false},"excerpt":{"rendered":"<p>Lo stadio olimpico di San Marino e il campo scuola di Fermo sono state le due sedi di gara in cui i nostri atleti si sono cimentati nella prima uscita stagionale all&#8217;aperto. Le condizioni meteo non hanno aiutato di certo le prestazioni che hanno risentito in particolare delle basse temperature.<\/p>\n","protected":false},"author":2,"featured_media":0,"comment_status":"closed","ping_status":"open","sticky":false,"template":"","format":"standard","meta":{"_et_pb_use_builder":"","_et_pb_old_content":"","_et_gb_content_width":"","footnotes":""},"categories":[10],"tags":[],"_links":{"self":[{"href":"https:\/\/www.atletica75.it\/wp2\/wp-json\/wp\/v2\/posts\/5261"}],"collection":[{"href":"https:\/\/www.atletica75.it\/wp2\/wp-json\/wp\/v2\/posts"}],"about":[{"href":"https:\/\/www.atletica75.it\/wp2\/wp-json\/wp\/v2\/types\/post"}],"author":[{"embeddable":true,"href":"https:\/\/www.atletica75.it\/wp2\/wp-json\/wp\/v2\/users\/2"}],"replies":[{"embeddable":true,"href":"https:\/\/www.atletica75.it\/wp2\/wp-json\/wp\/v2\/comments?post=5261"}],"version-history":[{"count":0,"href":"https:\/\/www.atletica75.it\/wp2\/wp-json\/wp\/v2\/posts\/5261\/revisions"}],"wp:attachment":[{"href":"https:\/\/www.atletica75.it\/wp2\/wp-json\/wp\/v2\/media?parent=5261"}],"wp:term":[{"taxonomy":"category","embeddable":true,"href":"https:\/\/www.atletica75.it\/wp2\/wp-json\/wp\/v2\/categories?post=5261"},{"taxonomy":"post_tag","embeddable":true,"href":"https:\/\/www.atletica75.it\/wp2\/wp-json\/wp\/v2\/tags?post=5261"}],"curies":[{"name":"wp","href":"https:\/\/api.w.org\/{rel}","templated":true}]}}