{"id":5271,"date":"2019-04-28T17:13:20","date_gmt":"2019-04-28T17:13:20","guid":{"rendered":"http:\/\/www.atletica75.it\/?p=5271"},"modified":"2019-04-28T17:13:20","modified_gmt":"2019-04-28T17:13:20","slug":"ginnastica-i-prossimi-appuntamenti","status":"publish","type":"post","link":"https:\/\/www.atletica75.it\/wp2\/2019\/04\/28\/ginnastica-i-prossimi-appuntamenti\/","title":{"rendered":"Ginnastica: i prossimi appuntamenti"},"content":{"rendered":"\n<div class=\"wp-block-image\"><figure class=\"aligncenter is-resized\"><img decoding=\"async\" loading=\"lazy\" src=\"https:\/\/www.atletica75.it\/wp2\/wp-content\/uploads\/2011\/10\/punte-trave.jpg\" alt=\"\" class=\"wp-image-1336\" width=\"423\" height=\"290\"\/><\/figure><\/div>\n\n\n\n<p>La stagione della ginnastica \u00e8 nel pieno dell&#8217;attivit\u00e0. Le qualificazioni federali delle varie categorie (programma Silver per alcune delle nostre &#8211; ndr) e l&#8217;obiettivo di strappare il biglietto per i Campionati Nazionali Uisp di Montelupo (FI) stanno impegnando tanto le bimbe e i nostri tecnici della sezione agonistica. Le ginnaste in erba dei corsi base si daranno appuntamento a fine mese in un pomeriggio di sfide agli attrezzi.<\/p>\n\n\n\n<!--more-->\n\n\n\n<p>Il mese di maggio inizier\u00e0 con il classico appuntamento del &#8220;primo&#8221;, una festa ginnico-sportiva che anche quest&#8217;anno vedr\u00e0 la sede di Forl\u00ec ospitare il <strong>Campionato Nazionale di ginnastica coreografica<\/strong>, un evento promozionale in cui tantissime ragazze e ragazzi faranno la loro prima esperienza in un contesto differente dall&#8217;attivit\u00e0 settimanale in palestra.  L&#8217;Atletica 75 porter\u00e0 come sempre il gruppo delle teenager, rumorose ed energiche ragazze pronte a battersi per una soddisfazione di squadra. <\/p>\n\n\n\n<p>I corsi base avranno il loro momento marted\u00ec 28 maggio, nella <strong>Gara di primavera<\/strong>; si impegneranno nel dimostrare il loro meglio negli esercizi agli attrezzi: trave, corpo libero, trampolino, parallele, volteggio. Dopo la positiva esperienza dei &#8220;Giochi Invernali&#8221; di febbraio, per alcuni ora \u00e8 il momento di riscattarsi, per altri di mantenere il livello acquisito. <\/p>\n\n\n\n<p>Dal 30 maggio fino al 9 giugno Montelupo fiorentino (FI) organizzer\u00e0 i <strong>Campionati Nazionali UISP<\/strong>, un evento che la nostra societ\u00e0 conosce molto bene e a cui ha dato sempre molto valore. Nei due fine settimana previsti le nostre ginnaste (speriamo si qualifichino tutte!) dovranno essere pronte a 360\u00b0, il loro temperamento sar\u00e0 testato a dovere nei concitati attimi agli attrezzi, una vera e propria occasione di confronto con s\u00e9 stessi e con gli altri. Poi sar\u00e0 la volta di concentrarsi nelle impegnative gare federali<strong> <\/strong>di fine giugno, dal 22, quando Rimini ospiter\u00e0 la finale nazionale individuale e a squadre. Insomma, la noia non mancher\u00e0!!! <\/p>\n\n\n\n<p><\/p>\n","protected":false},"excerpt":{"rendered":"<p>La stagione della ginnastica \u00e8 nel pieno dell&#8217;attivit\u00e0. Le qualificazioni federali delle varie categorie (programma Silver per alcune delle nostre &#8211; ndr) e l&#8217;obiettivo di strappare il biglietto per i Campionati Nazionali Uisp di Montelupo (FI) stanno impegnando tanto le bimbe e i nostri tecnici della sezione agonistica. Le ginnaste in erba dei corsi base [&hellip;]<\/p>\n","protected":false},"author":2,"featured_media":0,"comment_status":"closed","ping_status":"open","sticky":false,"template":"","format":"standard","meta":{"_et_pb_use_builder":"","_et_pb_old_content":"","_et_gb_content_width":"","footnotes":""},"categories":[13],"tags":[],"_links":{"self":[{"href":"https:\/\/www.atletica75.it\/wp2\/wp-json\/wp\/v2\/posts\/5271"}],"collection":[{"href":"https:\/\/www.atletica75.it\/wp2\/wp-json\/wp\/v2\/posts"}],"about":[{"href":"https:\/\/www.atletica75.it\/wp2\/wp-json\/wp\/v2\/types\/post"}],"author":[{"embeddable":true,"href":"https:\/\/www.atletica75.it\/wp2\/wp-json\/wp\/v2\/users\/2"}],"replies":[{"embeddable":true,"href":"https:\/\/www.atletica75.it\/wp2\/wp-json\/wp\/v2\/comments?post=5271"}],"version-history":[{"count":0,"href":"https:\/\/www.atletica75.it\/wp2\/wp-json\/wp\/v2\/posts\/5271\/revisions"}],"wp:attachment":[{"href":"https:\/\/www.atletica75.it\/wp2\/wp-json\/wp\/v2\/media?parent=5271"}],"wp:term":[{"taxonomy":"category","embeddable":true,"href":"https:\/\/www.atletica75.it\/wp2\/wp-json\/wp\/v2\/categories?post=5271"},{"taxonomy":"post_tag","embeddable":true,"href":"https:\/\/www.atletica75.it\/wp2\/wp-json\/wp\/v2\/tags?post=5271"}],"curies":[{"name":"wp","href":"https:\/\/api.w.org\/{rel}","templated":true}]}}