{"id":5278,"date":"2019-05-25T19:12:22","date_gmt":"2019-05-25T19:12:22","guid":{"rendered":"http:\/\/www.atletica75.it\/?p=5278"},"modified":"2019-05-25T19:12:22","modified_gmt":"2019-05-25T19:12:22","slug":"cesena-che-meeting","status":"publish","type":"post","link":"https:\/\/www.atletica75.it\/wp2\/2019\/05\/25\/cesena-che-meeting\/","title":{"rendered":"Cesena, che meeting!!!"},"content":{"rendered":"\n<div class=\"wp-block-image\"><figure class=\"aligncenter is-resized\"><img decoding=\"async\" loading=\"lazy\" src=\"https:\/\/www.atletica75.it\/wp1\/wp-content\/uploads\/2019\/05\/Olivia-Cesena-25-05-2019-e1558810522690-768x1024.jpg\" alt=\"\" class=\"wp-image-5281\" width=\"312\" height=\"416\"\/><figcaption>Olivia Maltoni sul gradino pi\u00f9 alto<\/figcaption><\/figure><\/div>\n\n\n\n<p>Grande meeting di atletica leggera oggi pomeriggio a Cesena al campo scuola di via Fausto Coppi.  Ospiti della blasonata e rinnovata societ\u00e0 Atletica Endas i nostri colori hanno brillato soprattutto nella velocit\u00e0 e nel lancio del giavellotto. <\/p>\n\n\n\n<!--more-->\n\n\n\n<p>Grandi cose sul rettilineo della velocit\u00e0, tre personali su tre! Federico Cerri \u00e8 il pi\u00f9 veloce di tutti nella seconda serie e segna il crono di 11&#8243;78. Un avvio un p\u00f2 incerto \u00e8 compensato da una buona fase lanciata. Nella serie successiva Niccol\u00f2 Battistelli arriva secondo per soli tre centesimi abbattendo di ben due decimi il suo primato, un 11&#8243;83 che lo fa esultare. Tra le donne la nostra allieva Giulia Ercoles dimostra talento. Nonostante il calvario dei problemi fisici in questo inizio 2019 corre veloce in 13&#8243;58. Sulla pedana dell&#8217;asta intanto Valentina D&#8217;Altilia fa 2,55m mentre Valeria Cecchini incappa in una giornata storta e mette le &#8220;maledette&#8221; tre X sul tabellino. Poco pi\u00f9 in l\u00e0 Valentina Albertini atterra a 9,39m nel salto triplo. <\/p>\n\n\n\n<p>Ma \u00e8 dalla pedana del giavellotto che arrivano le notizie migliori. Olivia Maltoni, in gran spolvero, costruisce una serie di lanci davvero importante, cinque su sei oltre i 40 metri, con un picco al quarto turno di 41,79m suo nuovo record personale nonch\u00e9 record sociale. Tra due settimane ai campionati italiani di Rieti potr\u00e0 partecipare da protagonista e aspirare ad un posto in finale.<\/p>\n","protected":false},"excerpt":{"rendered":"<p>Grande meeting di atletica leggera oggi pomeriggio a Cesena al campo scuola di via Fausto Coppi. Ospiti della blasonata e rinnovata societ\u00e0 Atletica Endas i nostri colori hanno brillato soprattutto nella velocit\u00e0 e nel lancio del giavellotto.<\/p>\n","protected":false},"author":2,"featured_media":0,"comment_status":"closed","ping_status":"open","sticky":false,"template":"","format":"standard","meta":{"_et_pb_use_builder":"","_et_pb_old_content":"","_et_gb_content_width":"","footnotes":""},"categories":[10],"tags":[],"_links":{"self":[{"href":"https:\/\/www.atletica75.it\/wp2\/wp-json\/wp\/v2\/posts\/5278"}],"collection":[{"href":"https:\/\/www.atletica75.it\/wp2\/wp-json\/wp\/v2\/posts"}],"about":[{"href":"https:\/\/www.atletica75.it\/wp2\/wp-json\/wp\/v2\/types\/post"}],"author":[{"embeddable":true,"href":"https:\/\/www.atletica75.it\/wp2\/wp-json\/wp\/v2\/users\/2"}],"replies":[{"embeddable":true,"href":"https:\/\/www.atletica75.it\/wp2\/wp-json\/wp\/v2\/comments?post=5278"}],"version-history":[{"count":0,"href":"https:\/\/www.atletica75.it\/wp2\/wp-json\/wp\/v2\/posts\/5278\/revisions"}],"wp:attachment":[{"href":"https:\/\/www.atletica75.it\/wp2\/wp-json\/wp\/v2\/media?parent=5278"}],"wp:term":[{"taxonomy":"category","embeddable":true,"href":"https:\/\/www.atletica75.it\/wp2\/wp-json\/wp\/v2\/categories?post=5278"},{"taxonomy":"post_tag","embeddable":true,"href":"https:\/\/www.atletica75.it\/wp2\/wp-json\/wp\/v2\/tags?post=5278"}],"curies":[{"name":"wp","href":"https:\/\/api.w.org\/{rel}","templated":true}]}}