{"id":5295,"date":"2019-06-09T18:12:11","date_gmt":"2019-06-09T18:12:11","guid":{"rendered":"http:\/\/www.atletica75.it\/?p=5295"},"modified":"2019-06-09T18:12:11","modified_gmt":"2019-06-09T18:12:11","slug":"campionati-italiani-junior-e-promesse-rieti-2019","status":"publish","type":"post","link":"https:\/\/www.atletica75.it\/wp2\/2019\/06\/09\/campionati-italiani-junior-e-promesse-rieti-2019\/","title":{"rendered":"Campionati Italiani Junior e Promesse &#8211; Rieti 2019"},"content":{"rendered":"\n<div class=\"wp-block-image\"><figure class=\"aligncenter is-resized\"><img decoding=\"async\" loading=\"lazy\" src=\"https:\/\/www.atletica75.it\/wp2\/wp-content\/uploads\/2019\/06\/Olivia-Rieti-2019-bis-200x300.jpg\" alt=\"\" class=\"wp-image-5296\" width=\"254\" height=\"381\"\/><figcaption>Olivia Maltoni in azione<\/figcaption><\/figure><\/div>\n\n\n\n<p>Rieti, uno dei templi dell&#8217;atletica italiana, ha ospitato ancora una volta la rassegna nazionale di categoria juniores e promesse, i migliori under 20 e under 23 si sono sfidati a suon di record nazionali e ottime prestazioni. <\/p>\n\n\n\n<!--more-->\n\n\n\n<p>Pista e pedane infuocate nel senso letterale, il caldo l&#8217;ha fatta da padrone ma non sono mancati risultati di livello. Su tutti la miglior prestazione mondiale stagionale Under 23 nel salto in alto maschile, 2,30m, ad opera di Stefano Sottile, il saltatore piemontese di ventuno anni che ruba la scena al pi\u00f9 famoso Gianmarco Tamberi in un duello a distanza (Tamberi ha saltato al Golden Gala due giorni prima &#8211; ndr) mozzafiato.<\/p>\n\n\n\n<p>Sotto i riflettori anche due nostre portacolori, Olivia Maltoni e Valeria Cecchini. La piccola delegazione cattolichina tutta al femminile ha mostrato i muscoli e ha ottenuto buoni riscontri. Venerd\u00ec ha iniziato Olivia nelle qualificazioni del giavellotto juniores. Nel secondo gruppo di lancio subito ha messo le cose in chiaro con una bella serie: 41,38m \/ 38,71m \/ 39,68m. Finale assicurata con la quinta misura. Alle 14,45 di sabato sotto un caldo torrido, le cose sono state pi\u00f9 difficili, avversarie agguerrite che sono uscite allo scoperto dopo le tattiche del giorno precedente. Olivia \u00e8 riuscita ad agguantare la finalissima a otto dopo tre lanci di poco sotto la fettuccia dei 40 metri. Nelle ultime tre prove alza la testa con il quarto turno a 40,57m ma viene scalzata di una posizione e alla fine chiude sesta. La soddisfazione \u00e8 immensa nonostante un pizzico di fortuna in pi\u00f9 avrebbe potuto farle avvicinare il podio. Onore a quest&#8217;atleta che ci ha messo tanto del suo in questo Campionato.<\/p>\n\n\n\n<p>Per Valeria la gara di salto con l&#8217;asta era decisamente pi\u00f9 ardua e il livello medio molto buono. Un riscaldamento mirato e un atteggiamento determinato l&#8217;hanno fatta comunque entrare in &#8220;camera di chiamata&#8221; senza paura. Misurazione della rincorsa, ultimo controllo delle scarpe chiodate e subito due salti di riscaldamento per testare l&#8217;asta pi\u00f9 adatta all&#8217;ingresso in gara. Alla quota di 3 metri una piccola incertezza non fa innervosire la nostra saltatrice che la supera al secondo tentativo. La progressione va a 3,20m, tante finiscono l\u00ec la propria gara mentre Valeria al primo assalto mostra un ottimo salto con una luce incredibile tra s\u00e9 e l&#8217;asticella. Si va a 3,40m. La concentrazione altalenante e il caldo complicano le cose, la prima prova \u00e8 la migliore, uno stacco preciso non basta a Valeria per andare a segno, i tempi del salto non sono completamente giusti. La fortuna non la aiuta, l&#8217;asticella balla lentamente sui ritti ma cade. Si conclude l&#8217;esperienza ai vertici nazionali con una quattordicesima piazza che la accontenta a met\u00e0. Soddisfazione per avere saltato bene ma un p\u00f2 di amaro in bocca per aver fallito quel 3,40 ampiamente alla sua portata. <\/p>\n","protected":false},"excerpt":{"rendered":"<p>Rieti, uno dei templi dell&#8217;atletica italiana, ha ospitato ancora una volta la rassegna nazionale di categoria juniores e promesse, i migliori under 20 e under 23 si sono sfidati a suon di record nazionali e ottime prestazioni.<\/p>\n","protected":false},"author":2,"featured_media":0,"comment_status":"closed","ping_status":"open","sticky":false,"template":"","format":"standard","meta":{"_et_pb_use_builder":"","_et_pb_old_content":"","_et_gb_content_width":"","footnotes":""},"categories":[10],"tags":[],"_links":{"self":[{"href":"https:\/\/www.atletica75.it\/wp2\/wp-json\/wp\/v2\/posts\/5295"}],"collection":[{"href":"https:\/\/www.atletica75.it\/wp2\/wp-json\/wp\/v2\/posts"}],"about":[{"href":"https:\/\/www.atletica75.it\/wp2\/wp-json\/wp\/v2\/types\/post"}],"author":[{"embeddable":true,"href":"https:\/\/www.atletica75.it\/wp2\/wp-json\/wp\/v2\/users\/2"}],"replies":[{"embeddable":true,"href":"https:\/\/www.atletica75.it\/wp2\/wp-json\/wp\/v2\/comments?post=5295"}],"version-history":[{"count":0,"href":"https:\/\/www.atletica75.it\/wp2\/wp-json\/wp\/v2\/posts\/5295\/revisions"}],"wp:attachment":[{"href":"https:\/\/www.atletica75.it\/wp2\/wp-json\/wp\/v2\/media?parent=5295"}],"wp:term":[{"taxonomy":"category","embeddable":true,"href":"https:\/\/www.atletica75.it\/wp2\/wp-json\/wp\/v2\/categories?post=5295"},{"taxonomy":"post_tag","embeddable":true,"href":"https:\/\/www.atletica75.it\/wp2\/wp-json\/wp\/v2\/tags?post=5295"}],"curies":[{"name":"wp","href":"https:\/\/api.w.org\/{rel}","templated":true}]}}