{"id":5333,"date":"2019-07-28T11:04:31","date_gmt":"2019-07-28T11:04:31","guid":{"rendered":"http:\/\/www.atletica75.it\/?p=5333"},"modified":"2019-07-28T11:04:31","modified_gmt":"2019-07-28T11:04:31","slug":"mastabon-2019-salto-con-lasta-in-piazza","status":"publish","type":"post","link":"https:\/\/www.atletica75.it\/wp2\/2019\/07\/28\/mastabon-2019-salto-con-lasta-in-piazza\/","title":{"rendered":"Mastabon 2019              Salto con l&#8217;asta in piazza"},"content":{"rendered":"\n<div class=\"wp-block-image\"><figure class=\"aligncenter is-resized\"><img decoding=\"async\" loading=\"lazy\" src=\"https:\/\/www.atletica75.it\/wp2\/wp-content\/uploads\/2017\/08\/IMG-20170612-WA0010.jpg\" alt=\"\" class=\"wp-image-4664\" width=\"205\" height=\"203\"\/><\/figure><\/div>\n\n\n\n<p>La biennale dell&#8217;atletica leggera a Cattolica torna in scena marted\u00ec 30 luglio con la spettacolare <strong>esibizione di salto con l&#8217;asta<\/strong> in Piazza 1^ Maggio. Alle ore 21 saltatori provenienti da diverse parti della nostra penisola si daranno battaglia per conquistare la vetta pi\u00f9 alta.<\/p>\n\n\n\n<!--more-->\n\n\n\n<p>La carovana dell&#8217;atletica arriver\u00e0 gi\u00e0 luned\u00ec pomeriggio e si fermer\u00e0 fino a gioved\u00ec mattina, dedicando questi intensi giorni allo stage tecnico concomitante all&#8217;evento. Allenamenti, confronti didattici e svago avranno come obiettivo la sfida di marted\u00ec sera nello scenario della &#8220;Piazza delle Sirene&#8221;. I ragazzi daranno vita ad uno spettacolo a tratti mirabolante che far\u00e0 stare con il naso all&#8217;ins\u00f9.   <\/p>\n","protected":false},"excerpt":{"rendered":"<p>La biennale dell&#8217;atletica leggera a Cattolica torna in scena marted\u00ec 30 luglio con la spettacolare esibizione di salto con l&#8217;asta in Piazza 1^ Maggio. Alle ore 21 saltatori provenienti da diverse parti della nostra penisola si daranno battaglia per conquistare la vetta pi\u00f9 alta.<\/p>\n","protected":false},"author":2,"featured_media":0,"comment_status":"closed","ping_status":"open","sticky":false,"template":"","format":"standard","meta":{"_et_pb_use_builder":"","_et_pb_old_content":"","_et_gb_content_width":"","footnotes":""},"categories":[10],"tags":[],"_links":{"self":[{"href":"https:\/\/www.atletica75.it\/wp2\/wp-json\/wp\/v2\/posts\/5333"}],"collection":[{"href":"https:\/\/www.atletica75.it\/wp2\/wp-json\/wp\/v2\/posts"}],"about":[{"href":"https:\/\/www.atletica75.it\/wp2\/wp-json\/wp\/v2\/types\/post"}],"author":[{"embeddable":true,"href":"https:\/\/www.atletica75.it\/wp2\/wp-json\/wp\/v2\/users\/2"}],"replies":[{"embeddable":true,"href":"https:\/\/www.atletica75.it\/wp2\/wp-json\/wp\/v2\/comments?post=5333"}],"version-history":[{"count":0,"href":"https:\/\/www.atletica75.it\/wp2\/wp-json\/wp\/v2\/posts\/5333\/revisions"}],"wp:attachment":[{"href":"https:\/\/www.atletica75.it\/wp2\/wp-json\/wp\/v2\/media?parent=5333"}],"wp:term":[{"taxonomy":"category","embeddable":true,"href":"https:\/\/www.atletica75.it\/wp2\/wp-json\/wp\/v2\/categories?post=5333"},{"taxonomy":"post_tag","embeddable":true,"href":"https:\/\/www.atletica75.it\/wp2\/wp-json\/wp\/v2\/tags?post=5333"}],"curies":[{"name":"wp","href":"https:\/\/api.w.org\/{rel}","templated":true}]}}