{"id":5358,"date":"2019-09-20T12:57:43","date_gmt":"2019-09-20T12:57:43","guid":{"rendered":"http:\/\/www.atletica75.it\/?p=5358"},"modified":"2019-09-20T12:57:43","modified_gmt":"2019-09-20T12:57:43","slug":"ai-vostri-posti-pronti-via","status":"publish","type":"post","link":"https:\/\/www.atletica75.it\/wp2\/2019\/09\/20\/ai-vostri-posti-pronti-via\/","title":{"rendered":"Ai vostri posti, pronti, via!"},"content":{"rendered":"\n<div class=\"wp-block-image\"><figure class=\"aligncenter is-resized\"><img decoding=\"async\" loading=\"lazy\" src=\"https:\/\/www.atletica75.it\/wp2\/wp-content\/uploads\/2014\/04\/marchio-A75-sfu-web1.png\" alt=\"Atletica 75 Cattolica Marchio\" class=\"wp-image-2820\" width=\"256\" height=\"256\" srcset=\"https:\/\/www.atletica75.it\/wp2\/wp-content\/uploads\/2014\/04\/marchio-A75-sfu-web1.png 250w, https:\/\/www.atletica75.it\/wp2\/wp-content\/uploads\/2014\/04\/marchio-A75-sfu-web1-150x150.png 150w\" sizes=\"(max-width: 256px) 100vw, 256px\" \/><\/figure><\/div>\n\n\n\n<p>Partita la nuova stagione sportiva dell&#8217;Atletica 75, come sempre ricca di eventi, alcuni dei quali sono divenuti ormai storici. Il 16 settembre, dunque, hanno avuto inizio tutte le attivit\u00e0 di ginnastica artistica, atletica leggera e scuola dell&#8217;infanzia. Nelle prossime settimane si aggiungeranno i corsi adulti e i tessuti aerei. <\/p>\n\n\n\n<!--more-->\n\n\n\n<p>I corsi base hanno preso il via con notevole entusiasmo, nonostante qualche problema di natura logistica legato alla pista di atletica leggera che sar\u00e0 risolto a breve. Speriamo. Le squadre agonistiche sono invece al lavoro gi\u00e0 da diversi giorni in vista degli appuntamenti di settembre o ottobre. L&#8217;atletica ha gi\u00e0 visto un podio regionale ad opera di Danilo Cimmino nelle prove multiple e il notevole miglioramento di Tommaso Arduini nel salto in alto. Ostacoli e corse piane stanno scaldando i motori in preparazione della rassegna regionale individuale che si svolger\u00e0 nel week end quasi in casa, a Misano Adriatico. Tanti scenderanno in pista pi\u00f9 agguerriti che mai. La ginnastica continua la preparazione per le gare di gennaio, occorre tempo per sistemare i nuovi programmi di gara. Ciliegina sulla torta: Alessia Bontempi vestir\u00e0 la prestigiosa maglia della rappresentativa Nazionale Uisp in occasione dell&#8217;incontro internazionale previsto a Rosignano Solvay. La sezione Podismo non si ferma mai e continuer\u00e0 a dare spettacolo sulle strade di tutta Italia.<\/p>\n\n\n\n<p>Sempre in questo fine settimana, domenica 22 settembre, parteciperemo alla Festa dello Sport cattolichino di stanza all&#8217;Acquario, appuntamento fisso di fine estate. Allo stand si potranno avere info sui corsi e si potranno provare alcune discipline in &#8220;pillole&#8221;. <\/p>\n\n\n\n<p>Evento clou di ottobre sar\u00e0 Kolora Vivo, spettacolo di coreografia acrobatica accompagnato da una musica di atmosfera dal vivo che andr\u00e0 in scena al teatro Regina venerd\u00ec 4 ottobre prossimo alle ore 21. Tantissime ragazze saranno impegnate nella serata per mostrare l&#8217;ambiente e l&#8217;atmosfera della ginnastica sul palco. Vero obiettivo della serata \u00e8 la beneficenza che quest&#8217;anno sosterr\u00e0 l&#8217;Associazione Nazionale Atassia Telangiectasia Onlus.<\/p>\n\n\n\n<p>Seguiteci sui nostri social e soprattutto, VENITE A PROVARE !!!<\/p>\n\n\n\n<p>  <\/p>\n","protected":false},"excerpt":{"rendered":"<p>Partita la nuova stagione sportiva dell&#8217;Atletica 75, come sempre ricca di eventi, alcuni dei quali sono divenuti ormai storici. Il 16 settembre, dunque, hanno avuto inizio tutte le attivit\u00e0 di ginnastica artistica, atletica leggera e scuola dell&#8217;infanzia. Nelle prossime settimane si aggiungeranno i corsi adulti e i tessuti aerei.<\/p>\n","protected":false},"author":2,"featured_media":0,"comment_status":"closed","ping_status":"open","sticky":false,"template":"","format":"standard","meta":{"_et_pb_use_builder":"","_et_pb_old_content":"","_et_gb_content_width":"","footnotes":""},"categories":[10,13],"tags":[],"_links":{"self":[{"href":"https:\/\/www.atletica75.it\/wp2\/wp-json\/wp\/v2\/posts\/5358"}],"collection":[{"href":"https:\/\/www.atletica75.it\/wp2\/wp-json\/wp\/v2\/posts"}],"about":[{"href":"https:\/\/www.atletica75.it\/wp2\/wp-json\/wp\/v2\/types\/post"}],"author":[{"embeddable":true,"href":"https:\/\/www.atletica75.it\/wp2\/wp-json\/wp\/v2\/users\/2"}],"replies":[{"embeddable":true,"href":"https:\/\/www.atletica75.it\/wp2\/wp-json\/wp\/v2\/comments?post=5358"}],"version-history":[{"count":0,"href":"https:\/\/www.atletica75.it\/wp2\/wp-json\/wp\/v2\/posts\/5358\/revisions"}],"wp:attachment":[{"href":"https:\/\/www.atletica75.it\/wp2\/wp-json\/wp\/v2\/media?parent=5358"}],"wp:term":[{"taxonomy":"category","embeddable":true,"href":"https:\/\/www.atletica75.it\/wp2\/wp-json\/wp\/v2\/categories?post=5358"},{"taxonomy":"post_tag","embeddable":true,"href":"https:\/\/www.atletica75.it\/wp2\/wp-json\/wp\/v2\/tags?post=5358"}],"curies":[{"name":"wp","href":"https:\/\/api.w.org\/{rel}","templated":true}]}}