{"id":5369,"date":"2020-02-12T12:28:02","date_gmt":"2020-02-12T12:28:02","guid":{"rendered":"http:\/\/www.atletica75.it\/?p=5369"},"modified":"2020-02-12T12:28:02","modified_gmt":"2020-02-12T12:28:02","slug":"resoconto-della-stagione-indoor-dellatletica","status":"publish","type":"post","link":"https:\/\/www.atletica75.it\/wp2\/2020\/02\/12\/resoconto-della-stagione-indoor-dellatletica\/","title":{"rendered":"Resoconto della stagione indoor dell&#8217;atletica"},"content":{"rendered":"\n<div class=\"wp-block-image\"><figure class=\"aligncenter size-large is-resized\"><img decoding=\"async\" loading=\"lazy\" src=\"https:\/\/www.atletica75.it\/wp2\/wp-content\/uploads\/2014\/04\/marchio-A75-sfu-web1.png\" alt=\"Atletica 75 Cattolica Marchio\" class=\"wp-image-2820\" width=\"155\" height=\"155\" srcset=\"https:\/\/www.atletica75.it\/wp2\/wp-content\/uploads\/2014\/04\/marchio-A75-sfu-web1.png 250w, https:\/\/www.atletica75.it\/wp2\/wp-content\/uploads\/2014\/04\/marchio-A75-sfu-web1-150x150.png 150w\" sizes=\"(max-width: 155px) 100vw, 155px\" \/><\/figure><\/div>\n\n\n\n<p>Raccogliamo in un&#8217;unico articolo tutti i risultati della stagione indoor dei meeting appena conclusa, stagione come sempre piena di sorprese e alcune fisiologiche fasi di arresto.<\/p>\n\n\n\n<!--more-->\n\n\n\n<p>I nostri giovani della categoria ragazzi e cadetti hanno partecipato a due riunioni in sala nel prestigioso scenario del Palaindoor di Ancona, capitale dell&#8217;atletica al coperto. Tra corse, salti e lanci i &#8220;cattolichini&#8221; hanno raggiunto buoni risultati, alcuni dei quali davvero incoraggianti. Molti ragazzi nuovi che hanno assaggiato per la prima volta il profumo della pista. Ora sono gi\u00e0 al lavoro per preparare le gare all&#8217;aperto.<\/p>\n\n\n\n<p>Gli under 17 al primo anno di categoria si sono difesi alla grande. Tutti quanti hanno migliorato o eguagliato il proprio record personale nelle diverse gare, soprattutto corse e salti in estensione. Nella velocit\u00e0 e negli ostacoli tempi incoraggianti, nel salto in lungo misure inaspettate. Unico neo \u00e8 stato il fatto che nessun atleta ha centrato lo standard di iscrizione per i Campionati Italiani di categoria di met\u00e0 febbraio; il morale rimane alto perch\u00e9 c&#8217;\u00e8 la consapevolezza di essere su un percorso di crescita che dar\u00e0 di certo i suoi frutti. Molto presto.<\/p>\n\n\n\n<p>Gli atleti pi\u00f9 grandi hanno faticato un p\u00f2, specie il gruppo di salto con l&#8217;asta, litigando con l&#8217;asticella nei primi meeting. Alla fine si sono ripresi centrando belle misure.<\/p>\n\n\n\n<p>Risultati al seguente link  <a href=\"http:\/\/www.fidal.it\/calendario.php?anno=2020&amp;mese=2&amp;livello=REG&amp;new_regione=MARCHE&amp;new_tipo=0&amp;new_categoria=&amp;submit=Invia\">http:\/\/www.fidal.it\/calendario.php?anno=2020&amp;mese=2&amp;livello=REG&amp;new_regione=MARCHE&amp;new_tipo=0&amp;new_categoria=&amp;submit=Invia<\/a><\/p>\n","protected":false},"excerpt":{"rendered":"<p>Raccogliamo in un&#8217;unico articolo tutti i risultati della stagione indoor dei meeting appena conclusa, stagione come sempre piena di sorprese e alcune fisiologiche fasi di arresto.<\/p>\n","protected":false},"author":2,"featured_media":0,"comment_status":"closed","ping_status":"open","sticky":false,"template":"","format":"standard","meta":{"_et_pb_use_builder":"","_et_pb_old_content":"","_et_gb_content_width":"","footnotes":""},"categories":[10],"tags":[],"_links":{"self":[{"href":"https:\/\/www.atletica75.it\/wp2\/wp-json\/wp\/v2\/posts\/5369"}],"collection":[{"href":"https:\/\/www.atletica75.it\/wp2\/wp-json\/wp\/v2\/posts"}],"about":[{"href":"https:\/\/www.atletica75.it\/wp2\/wp-json\/wp\/v2\/types\/post"}],"author":[{"embeddable":true,"href":"https:\/\/www.atletica75.it\/wp2\/wp-json\/wp\/v2\/users\/2"}],"replies":[{"embeddable":true,"href":"https:\/\/www.atletica75.it\/wp2\/wp-json\/wp\/v2\/comments?post=5369"}],"version-history":[{"count":0,"href":"https:\/\/www.atletica75.it\/wp2\/wp-json\/wp\/v2\/posts\/5369\/revisions"}],"wp:attachment":[{"href":"https:\/\/www.atletica75.it\/wp2\/wp-json\/wp\/v2\/media?parent=5369"}],"wp:term":[{"taxonomy":"category","embeddable":true,"href":"https:\/\/www.atletica75.it\/wp2\/wp-json\/wp\/v2\/categories?post=5369"},{"taxonomy":"post_tag","embeddable":true,"href":"https:\/\/www.atletica75.it\/wp2\/wp-json\/wp\/v2\/tags?post=5369"}],"curies":[{"name":"wp","href":"https:\/\/api.w.org\/{rel}","templated":true}]}}