{"id":5663,"date":"2021-08-02T12:16:25","date_gmt":"2021-08-02T12:16:25","guid":{"rendered":"https:\/\/www.atletica75.it\/?p=5663"},"modified":"2022-08-20T23:39:03","modified_gmt":"2022-08-20T23:39:03","slug":"vanessa-ferrari-ce","status":"publish","type":"post","link":"https:\/\/www.atletica75.it\/wp2\/2021\/08\/02\/vanessa-ferrari-ce\/","title":{"rendered":"Vanessa Ferrari c&#8217;\u00e8 !!!"},"content":{"rendered":"\n<div class=\"wp-block-image\"><figure class=\"aligncenter size-full is-resized\"><img decoding=\"async\" loading=\"lazy\" src=\"https:\/\/www.atletica75.it\/wp1\/wp-content\/uploads\/2011\/10\/punte-trave.jpg\" alt=\"\" class=\"wp-image-1336\" width=\"299\" height=\"205\" \/><\/figure><\/div>\n\n\n\n<p>Un&#8217;altra serata magnifica per l&#8217;Italia olimpica. Vanessa Ferrari centra l&#8217;argento al corpo libero individuale a 30 anni e mostra come la ginnastica \u00e8 cambiata. E tanto da quel 1928, anno in cui l&#8217;artistica tricolore sal\u00ec sul podio di Amsterdam. L&#8217;Atletica 75 \u00e8 molto coinvolta da questo risultato che abbiamo visto costruire sin dall&#8217;esordio. S\u00ec. <\/p>\n\n\n\n<!--more-->\n\n\n\n<p>Eh s\u00ec, perch\u00e9 nel 2003 Vanessa gareggi\u00f2 proprio a Cattolica in occasione dei Nazionali UISP e si ciment\u00f2 per la prima volta con l&#8217;esercizio al corpo libero con cui vinse il mondiale tre anni dopo. Enrico Casella ci disse &#8220;ricordatevi questo nome ragazzi, ne sentirete parlare&#8221;. E aveva ragione. Ha avuto ragione lui a puntare sulla Ferrari, esempio di talento, lavoro e determinazione. Carriera costellata di infortuni ma piena di soddisfazioni. <\/p>\n\n\n\n<p>Noi non piangiamo di gioia per la medaglia di Vanessa, non solo, lo facciamo per tutti gli anni di impegno vissuti lontano dai riflettori, per gli inverni passati in palestra, per lo scatto di orgoglio dopo una caduta, per il complesso rapporto atleta-allenatore. Il suo mondo \u00e8 anche il nostro mondo e lei ci ha dimostrato che ne vale sempre la pena di lottare. Aldil\u00e0 della medaglia, \u00e8 come si riempie la vita di uno sportivo a dare emozioni forti, la cosa pi\u00f9 difficile da trasmettere. <\/p>\n","protected":false},"excerpt":{"rendered":"<p>Un&#8217;altra serata magnifica per l&#8217;Italia olimpica. Vanessa Ferrari centra l&#8217;argento al corpo libero individuale a 30 anni e mostra come la ginnastica \u00e8 cambiata. E tanto da quel 1928, anno in cui l&#8217;artistica tricolore sal\u00ec sul podio di Amsterdam. L&#8217;Atletica 75 \u00e8 molto coinvolta da questo risultato che abbiamo visto costruire sin dall&#8217;esordio. S\u00ec.<\/p>\n","protected":false},"author":2,"featured_media":0,"comment_status":"open","ping_status":"open","sticky":false,"template":"","format":"standard","meta":{"_et_pb_use_builder":"","_et_pb_old_content":"","_et_gb_content_width":"","footnotes":""},"categories":[13],"tags":[],"_links":{"self":[{"href":"https:\/\/www.atletica75.it\/wp2\/wp-json\/wp\/v2\/posts\/5663"}],"collection":[{"href":"https:\/\/www.atletica75.it\/wp2\/wp-json\/wp\/v2\/posts"}],"about":[{"href":"https:\/\/www.atletica75.it\/wp2\/wp-json\/wp\/v2\/types\/post"}],"author":[{"embeddable":true,"href":"https:\/\/www.atletica75.it\/wp2\/wp-json\/wp\/v2\/users\/2"}],"replies":[{"embeddable":true,"href":"https:\/\/www.atletica75.it\/wp2\/wp-json\/wp\/v2\/comments?post=5663"}],"version-history":[{"count":1,"href":"https:\/\/www.atletica75.it\/wp2\/wp-json\/wp\/v2\/posts\/5663\/revisions"}],"predecessor-version":[{"id":7354,"href":"https:\/\/www.atletica75.it\/wp2\/wp-json\/wp\/v2\/posts\/5663\/revisions\/7354"}],"wp:attachment":[{"href":"https:\/\/www.atletica75.it\/wp2\/wp-json\/wp\/v2\/media?parent=5663"}],"wp:term":[{"taxonomy":"category","embeddable":true,"href":"https:\/\/www.atletica75.it\/wp2\/wp-json\/wp\/v2\/categories?post=5663"},{"taxonomy":"post_tag","embeddable":true,"href":"https:\/\/www.atletica75.it\/wp2\/wp-json\/wp\/v2\/tags?post=5663"}],"curies":[{"name":"wp","href":"https:\/\/api.w.org\/{rel}","templated":true}]}}