{"id":7403,"date":"2022-09-14T19:20:12","date_gmt":"2022-09-14T19:20:12","guid":{"rendered":"https:\/\/www.atletica75.it\/wp2\/?p=7403"},"modified":"2022-09-14T19:20:15","modified_gmt":"2022-09-14T19:20:15","slug":"nuovo-anno-sportivo-nuovo-stile","status":"publish","type":"post","link":"https:\/\/www.atletica75.it\/wp2\/2022\/09\/14\/nuovo-anno-sportivo-nuovo-stile\/","title":{"rendered":"Nuovo anno sportivo, nuovo stile!"},"content":{"rendered":"\n<p>Insieme alla scuola inizia anche una nuova stagione sportiva. Abbiamo anche un nuovo sito internet!<\/p>\n\n\n\n<p>Fervono i preparativi per i vari corsi e per la Festa dello Sport, evento cittadino che si terr\u00e0 domenica 18 settembre al Parco della Pace a cui non si pu\u00f2 mancare. Per l&#8217;occasione ci vestiamo di nuovo, infatti il nostro sito internet \u00e8 stato rivoluzionato, troverete tutte le info sui corsi, i report delle gare e tanto altro. Preparate la tuta e le scarpe da ginnastica, ci vediamo domenica al Parco della Pace alle ore 15 per assistere alle esibizioni e provare le nostre discipline.  <\/p>\n","protected":false},"excerpt":{"rendered":"<p>Insieme alla scuola inizia anche una nuova stagione sportiva. Abbiamo anche un nuovo sito internet! Fervono i preparativi per i vari corsi e per la Festa dello Sport, evento cittadino che si terr\u00e0 domenica 18 settembre al Parco della Pace a cui non si pu\u00f2 mancare. Per l&#8217;occasione ci vestiamo di nuovo, infatti il nostro [&hellip;]<\/p>\n","protected":false},"author":2,"featured_media":7227,"comment_status":"closed","ping_status":"closed","sticky":false,"template":"","format":"standard","meta":{"_et_pb_use_builder":"off","_et_pb_old_content":"","_et_gb_content_width":"","footnotes":""},"categories":[20,21],"tags":[],"_links":{"self":[{"href":"https:\/\/www.atletica75.it\/wp2\/wp-json\/wp\/v2\/posts\/7403"}],"collection":[{"href":"https:\/\/www.atletica75.it\/wp2\/wp-json\/wp\/v2\/posts"}],"about":[{"href":"https:\/\/www.atletica75.it\/wp2\/wp-json\/wp\/v2\/types\/post"}],"author":[{"embeddable":true,"href":"https:\/\/www.atletica75.it\/wp2\/wp-json\/wp\/v2\/users\/2"}],"replies":[{"embeddable":true,"href":"https:\/\/www.atletica75.it\/wp2\/wp-json\/wp\/v2\/comments?post=7403"}],"version-history":[{"count":1,"href":"https:\/\/www.atletica75.it\/wp2\/wp-json\/wp\/v2\/posts\/7403\/revisions"}],"predecessor-version":[{"id":7404,"href":"https:\/\/www.atletica75.it\/wp2\/wp-json\/wp\/v2\/posts\/7403\/revisions\/7404"}],"wp:featuredmedia":[{"embeddable":true,"href":"https:\/\/www.atletica75.it\/wp2\/wp-json\/wp\/v2\/media\/7227"}],"wp:attachment":[{"href":"https:\/\/www.atletica75.it\/wp2\/wp-json\/wp\/v2\/media?parent=7403"}],"wp:term":[{"taxonomy":"category","embeddable":true,"href":"https:\/\/www.atletica75.it\/wp2\/wp-json\/wp\/v2\/categories?post=7403"},{"taxonomy":"post_tag","embeddable":true,"href":"https:\/\/www.atletica75.it\/wp2\/wp-json\/wp\/v2\/tags?post=7403"}],"curies":[{"name":"wp","href":"https:\/\/api.w.org\/{rel}","templated":true}]}}