{"id":7411,"date":"2022-09-29T13:51:55","date_gmt":"2022-09-29T13:51:55","guid":{"rendered":"https:\/\/www.atletica75.it\/wp2\/?p=7411"},"modified":"2022-09-29T13:52:40","modified_gmt":"2022-09-29T13:52:40","slug":"psyche-la-ginnastica-va-a-teatro","status":"publish","type":"post","link":"https:\/\/www.atletica75.it\/wp2\/2022\/09\/29\/psyche-la-ginnastica-va-a-teatro\/","title":{"rendered":"PSYCHE&#8217;, la Ginnastica va a teatro"},"content":{"rendered":"\n<p>Dopo tanto tempo la ginnastica torna al Teatro della Regina per una serata di beneficenza a favore degli amici e colleghi di Esplora Rimini, associazione di promozione sociale che da anni propone attivit\u00e0 adatte a bambini e ragazzi con disabilit\u00e0. Il progetto BICI \u00e8 il fulcro dell&#8217;impegno attuale che ha come obiettivo quello di rendere autonomi i ragazzi negli spostamenti e nell&#8217;orientamento spaziale sul territorio, in bici appunto. L&#8217;entuasiasmo \u00e8 alle stelle, poter ridare lustro ad una delle nostre attivit\u00e0 \u00e8 meraviglioso e le ginnaste fremono dalla voglia di salire sul palco. Lo sport \u00e8 anche questo.<\/p>\n\n\n\n<p>Appuntamento a venerd\u00ec 7 ottobre alle ore 21 al Teatro della Regina.     <\/p>\n","protected":false},"excerpt":{"rendered":"<p>Dopo tanto tempo la ginnastica torna al Teatro della Regina per una serata di beneficenza a favore degli amici e colleghi di Esplora Rimini, associazione di promozione sociale che da anni propone attivit\u00e0 adatte a bambini e ragazzi con disabilit\u00e0. Il progetto BICI \u00e8 il fulcro dell&#8217;impegno attuale che ha come obiettivo quello di rendere [&hellip;]<\/p>\n","protected":false},"author":2,"featured_media":7413,"comment_status":"closed","ping_status":"open","sticky":false,"template":"","format":"standard","meta":{"_et_pb_use_builder":"off","_et_pb_old_content":"","_et_gb_content_width":"","footnotes":""},"categories":[13,20],"tags":[],"_links":{"self":[{"href":"https:\/\/www.atletica75.it\/wp2\/wp-json\/wp\/v2\/posts\/7411"}],"collection":[{"href":"https:\/\/www.atletica75.it\/wp2\/wp-json\/wp\/v2\/posts"}],"about":[{"href":"https:\/\/www.atletica75.it\/wp2\/wp-json\/wp\/v2\/types\/post"}],"author":[{"embeddable":true,"href":"https:\/\/www.atletica75.it\/wp2\/wp-json\/wp\/v2\/users\/2"}],"replies":[{"embeddable":true,"href":"https:\/\/www.atletica75.it\/wp2\/wp-json\/wp\/v2\/comments?post=7411"}],"version-history":[{"count":4,"href":"https:\/\/www.atletica75.it\/wp2\/wp-json\/wp\/v2\/posts\/7411\/revisions"}],"predecessor-version":[{"id":7416,"href":"https:\/\/www.atletica75.it\/wp2\/wp-json\/wp\/v2\/posts\/7411\/revisions\/7416"}],"wp:featuredmedia":[{"embeddable":true,"href":"https:\/\/www.atletica75.it\/wp2\/wp-json\/wp\/v2\/media\/7413"}],"wp:attachment":[{"href":"https:\/\/www.atletica75.it\/wp2\/wp-json\/wp\/v2\/media?parent=7411"}],"wp:term":[{"taxonomy":"category","embeddable":true,"href":"https:\/\/www.atletica75.it\/wp2\/wp-json\/wp\/v2\/categories?post=7411"},{"taxonomy":"post_tag","embeddable":true,"href":"https:\/\/www.atletica75.it\/wp2\/wp-json\/wp\/v2\/tags?post=7411"}],"curies":[{"name":"wp","href":"https:\/\/api.w.org\/{rel}","templated":true}]}}