{"id":7489,"date":"2023-05-08T14:14:17","date_gmt":"2023-05-08T14:14:17","guid":{"rendered":"https:\/\/www.atletica75.it\/wp2\/?p=7489"},"modified":"2023-05-08T14:14:20","modified_gmt":"2023-05-08T14:14:20","slug":"campionati-regionali-e-qualificazione-ai-campionati-nazionali","status":"publish","type":"post","link":"https:\/\/www.atletica75.it\/wp2\/2023\/05\/08\/campionati-regionali-e-qualificazione-ai-campionati-nazionali\/","title":{"rendered":"Campionati regionali e qualificazione ai campionati nazionali"},"content":{"rendered":"\n<p>Ottimi segnali nelle regionali valide ai fini della qualificazione ai Campionati Nazionali UISP 2023 che si terranno a Citt\u00e0 di Castello. Nei mesi di febbraio e marzo i nostri portacolori hanno vinto e convinto fuori casa grazie all&#8217;adrenalina che si scatena sui campi gara che non si conoscono, ma anche tra le mura di casa con il tifo di tutta la societ\u00e0. Infatti dopo tanto tempo l&#8217;Atletica 75 \u00e8 tornata ad organizzare due belle manifestazioni che le ragazze e i ragazzi hanno onorato alla grande. S\u00ec, anche ginnasti quest&#8217;anno. Infatti cinque nostri maschietti si sono conquistati il pass per la massima rassegna nazionale USIP. E&#8217; stata la prima volta anche per gli Special Olympics, bambini con bisogni speciali che hanno intrapreso l&#8217;esperienza dell&#8217;attivit\u00e0 agonistica della ginnastica con un entusiasmo invidiabile.<\/p>\n\n\n\n<p>Nelle categorie dalla 2^ alla 6^, erano in campo gara Alessia Bontempi, Linda Castellani, Sabrina Zangheri, Federica Rollo, Martina Zangheri, Ludovica Tomassi, Bianca Lazzari, Carlotta Sergio, Martina Cesarini, Emma Cordella. <\/p>\n\n\n\n<p>In categoria mini prima e 1^ si sono presentate Bianca Baribieri, Sophie La Barbera, Sofia Romani, Vanessa Vaccari, Giulia Stramigioli, Elena Filippucci, Rebecca Ciccioni, Penelope Bernacchioni, Anna Mazza, Gaia Marcaccini, Letizia Carbonara, Gioia Monti.<\/p>\n\n\n\n<p>La squadra maschile ha visto in campo gara Federico Badioli, Nicol\u00f2 Ucchielli, Matteo Benvenuti, Tommaso XXX.  Tra gli Special c&#8217;erano Martin Simoncelli, Andrea Valentini e Mattia XXX.<\/p>\n","protected":false},"excerpt":{"rendered":"<p>Ottimi segnali nelle regionali valide ai fini della qualificazione ai Campionati Nazionali UISP 2023 che si terranno a Citt\u00e0 di Castello. Nei mesi di febbraio e marzo i nostri portacolori hanno vinto e convinto fuori casa grazie all&#8217;adrenalina che si scatena sui campi gara che non si conoscono, ma anche tra le mura di casa [&hellip;]<\/p>\n","protected":false},"author":2,"featured_media":7494,"comment_status":"closed","ping_status":"open","sticky":false,"template":"","format":"standard","meta":{"_et_pb_use_builder":"off","_et_pb_old_content":"","_et_gb_content_width":"","footnotes":""},"categories":[13,20],"tags":[],"_links":{"self":[{"href":"https:\/\/www.atletica75.it\/wp2\/wp-json\/wp\/v2\/posts\/7489"}],"collection":[{"href":"https:\/\/www.atletica75.it\/wp2\/wp-json\/wp\/v2\/posts"}],"about":[{"href":"https:\/\/www.atletica75.it\/wp2\/wp-json\/wp\/v2\/types\/post"}],"author":[{"embeddable":true,"href":"https:\/\/www.atletica75.it\/wp2\/wp-json\/wp\/v2\/users\/2"}],"replies":[{"embeddable":true,"href":"https:\/\/www.atletica75.it\/wp2\/wp-json\/wp\/v2\/comments?post=7489"}],"version-history":[{"count":6,"href":"https:\/\/www.atletica75.it\/wp2\/wp-json\/wp\/v2\/posts\/7489\/revisions"}],"predecessor-version":[{"id":7507,"href":"https:\/\/www.atletica75.it\/wp2\/wp-json\/wp\/v2\/posts\/7489\/revisions\/7507"}],"wp:featuredmedia":[{"embeddable":true,"href":"https:\/\/www.atletica75.it\/wp2\/wp-json\/wp\/v2\/media\/7494"}],"wp:attachment":[{"href":"https:\/\/www.atletica75.it\/wp2\/wp-json\/wp\/v2\/media?parent=7489"}],"wp:term":[{"taxonomy":"category","embeddable":true,"href":"https:\/\/www.atletica75.it\/wp2\/wp-json\/wp\/v2\/categories?post=7489"},{"taxonomy":"post_tag","embeddable":true,"href":"https:\/\/www.atletica75.it\/wp2\/wp-json\/wp\/v2\/tags?post=7489"}],"curies":[{"name":"wp","href":"https:\/\/api.w.org\/{rel}","templated":true}]}}