{"id":7520,"date":"2023-07-22T07:23:29","date_gmt":"2023-07-22T07:23:29","guid":{"rendered":"https:\/\/www.atletica75.it\/wp2\/?p=7520"},"modified":"2023-07-22T07:23:32","modified_gmt":"2023-07-22T07:23:32","slug":"meeting-destate","status":"publish","type":"post","link":"https:\/\/www.atletica75.it\/wp2\/2023\/07\/22\/meeting-destate\/","title":{"rendered":"Meeting d&#8217;estate"},"content":{"rendered":"\n<p>Tante le gare in calendario per la sezione atletica, meeting sparsi per il centro-nord in cui i nostri portacolori si sono battuti in diverse specialit\u00e0. Martin Boga, l&#8217;allievo con pi\u00f9 continuit\u00e0, nel lancio del martello ha vestito la maglia della squadra regionale e ha stabilito diversi primati personali in serie oltre che partecipare ai Campionati Italiani di categoria. Ilaria Vanni nell&#8217;asta ha dato l&#8217;assalto pi\u00f9 volte al suo record personale partecipando anche ai Campionati Nazionali Universitari di Camerino. Giulia Ercoles ha fatto il suo primato nei 100 metri mentre Federico Cerri alle prese con qualche piccolo risentimento muscolare ha dato bella prova di s\u00e8 sempre nella velocit\u00e0. Alessandro Marchetti, decathleta alle prime armi si \u00e8 migliorato in diverse discipline come salto con l&#8217;asta, salto in lungo, 400 metri, 1500 metri, salto in alto. Nicol\u00f2 Battistelli, Andrea Galeone, Federico Pericoli e Federico Fraternali si sono distinti rispettivamente nella velocit\u00e0 e nelle gare di lunga distanza. Tommaso Arduini e Lucia Andreani invece hanno scaldato i motori per i Campionati Italiani Juniores di Grosseto nel fine settimana del 21\/23 luglio. Annata proficua finora e con tanti segnali positivi, soprattutto per il fatto che per ottenere risultati non bisogna mai mollare, il lavoro e l&#8217;impegno pagano sempre. A settembre si riparte di slancio per la econda parte di stagione.<\/p>\n","protected":false},"excerpt":{"rendered":"<p>Tante le gare in calendario per la sezione atletica, meeting sparsi per il centro-nord in cui i nostri portacolori si sono battuti in diverse specialit\u00e0. Martin Boga, l&#8217;allievo con pi\u00f9 continuit\u00e0, nel lancio del martello ha vestito la maglia della squadra regionale e ha stabilito diversi primati personali in serie oltre che partecipare ai Campionati [&hellip;]<\/p>\n","protected":false},"author":2,"featured_media":7526,"comment_status":"closed","ping_status":"open","sticky":false,"template":"","format":"standard","meta":{"_et_pb_use_builder":"off","_et_pb_old_content":"","_et_gb_content_width":"","footnotes":""},"categories":[10,20],"tags":[],"_links":{"self":[{"href":"https:\/\/www.atletica75.it\/wp2\/wp-json\/wp\/v2\/posts\/7520"}],"collection":[{"href":"https:\/\/www.atletica75.it\/wp2\/wp-json\/wp\/v2\/posts"}],"about":[{"href":"https:\/\/www.atletica75.it\/wp2\/wp-json\/wp\/v2\/types\/post"}],"author":[{"embeddable":true,"href":"https:\/\/www.atletica75.it\/wp2\/wp-json\/wp\/v2\/users\/2"}],"replies":[{"embeddable":true,"href":"https:\/\/www.atletica75.it\/wp2\/wp-json\/wp\/v2\/comments?post=7520"}],"version-history":[{"count":5,"href":"https:\/\/www.atletica75.it\/wp2\/wp-json\/wp\/v2\/posts\/7520\/revisions"}],"predecessor-version":[{"id":7532,"href":"https:\/\/www.atletica75.it\/wp2\/wp-json\/wp\/v2\/posts\/7520\/revisions\/7532"}],"wp:featuredmedia":[{"embeddable":true,"href":"https:\/\/www.atletica75.it\/wp2\/wp-json\/wp\/v2\/media\/7526"}],"wp:attachment":[{"href":"https:\/\/www.atletica75.it\/wp2\/wp-json\/wp\/v2\/media?parent=7520"}],"wp:term":[{"taxonomy":"category","embeddable":true,"href":"https:\/\/www.atletica75.it\/wp2\/wp-json\/wp\/v2\/categories?post=7520"},{"taxonomy":"post_tag","embeddable":true,"href":"https:\/\/www.atletica75.it\/wp2\/wp-json\/wp\/v2\/tags?post=7520"}],"curies":[{"name":"wp","href":"https:\/\/api.w.org\/{rel}","templated":true}]}}