{"id":7549,"date":"2023-08-28T12:00:10","date_gmt":"2023-08-28T12:00:10","guid":{"rendered":"https:\/\/www.atletica75.it\/wp2\/?p=7549"},"modified":"2023-08-28T12:00:14","modified_gmt":"2023-08-28T12:00:14","slug":"campionati-mondiali-atletica-2023","status":"publish","type":"post","link":"https:\/\/www.atletica75.it\/wp2\/2023\/08\/28\/campionati-mondiali-atletica-2023\/","title":{"rendered":"Campionati Mondiali Atletica 2023"},"content":{"rendered":"\n<p>Appena finita la rassegna mondiale dell&#8217;atletica che si \u00e8 tenuta a Budapest nel meraviglioso scenario del National Athletics Centre, un complesso quasi interamente dedicato alla &#8220;regina&#8221; che conta anche di un ponte di servizio sul Danubio. Medaglie azzurre, piazzamenti da finale, record italiani hanno reso questa edizione emozionante, una bella conferma che si attendeva dopo le Olimpiadi giapponesi. Non era stato un caso allora e non lo \u00e8 stato nemmeno adesso, l&#8217;atletica italiana ha fatto un passo avanti notevole, le nazioni pi\u00f9 forti ora sono molto pi\u00f9 vicine considerando poi la concorrenza agguerrita di Stati emergenti che hanno iniziato a fare sul serio in pista. Merito va anche al lavoro costante sui territori sparsi per lo stivale, c&#8217;\u00e8 chi semina continuamente per gli atleti del futuro. <\/p>\n\n\n\n<p>Segni premonitori della bella annata dell&#8217;atletica c&#8217;erano stati gi\u00e0 nel mese di luglio quando sono andati in scena i Campionati Mondiali Paralimpici a Parigi. Nella capitale dei prossimi Giochi Olimpici i nostri atleti con disabilit\u00e0 avevano fatto vedere di che pasta sono fatti e hanno anticipato i colleghi di Budapest con pi\u00f9 di dieci medaglie, un vero record se si considera anche il posizionamento nel medagliere complessivo. <\/p>\n\n\n\n<p>Questo spettacolo del 2023 speriamo sia di ispirazione per i nostri giovani, impegno e lungimiranza per raggiungere grandi obiettivi. <\/p>\n","protected":false},"excerpt":{"rendered":"<p>Appena finita la rassegna mondiale dell&#8217;atletica che si \u00e8 tenuta a Budapest nel meraviglioso scenario del National Athletics Centre, un complesso quasi interamente dedicato alla &#8220;regina&#8221; che conta anche di un ponte di servizio sul Danubio. Medaglie azzurre, piazzamenti da finale, record italiani hanno reso questa edizione emozionante, una bella conferma che si attendeva dopo [&hellip;]<\/p>\n","protected":false},"author":2,"featured_media":7551,"comment_status":"closed","ping_status":"open","sticky":false,"template":"","format":"standard","meta":{"_et_pb_use_builder":"off","_et_pb_old_content":"","_et_gb_content_width":"","footnotes":""},"categories":[10,20],"tags":[],"_links":{"self":[{"href":"https:\/\/www.atletica75.it\/wp2\/wp-json\/wp\/v2\/posts\/7549"}],"collection":[{"href":"https:\/\/www.atletica75.it\/wp2\/wp-json\/wp\/v2\/posts"}],"about":[{"href":"https:\/\/www.atletica75.it\/wp2\/wp-json\/wp\/v2\/types\/post"}],"author":[{"embeddable":true,"href":"https:\/\/www.atletica75.it\/wp2\/wp-json\/wp\/v2\/users\/2"}],"replies":[{"embeddable":true,"href":"https:\/\/www.atletica75.it\/wp2\/wp-json\/wp\/v2\/comments?post=7549"}],"version-history":[{"count":1,"href":"https:\/\/www.atletica75.it\/wp2\/wp-json\/wp\/v2\/posts\/7549\/revisions"}],"predecessor-version":[{"id":7550,"href":"https:\/\/www.atletica75.it\/wp2\/wp-json\/wp\/v2\/posts\/7549\/revisions\/7550"}],"wp:featuredmedia":[{"embeddable":true,"href":"https:\/\/www.atletica75.it\/wp2\/wp-json\/wp\/v2\/media\/7551"}],"wp:attachment":[{"href":"https:\/\/www.atletica75.it\/wp2\/wp-json\/wp\/v2\/media?parent=7549"}],"wp:term":[{"taxonomy":"category","embeddable":true,"href":"https:\/\/www.atletica75.it\/wp2\/wp-json\/wp\/v2\/categories?post=7549"},{"taxonomy":"post_tag","embeddable":true,"href":"https:\/\/www.atletica75.it\/wp2\/wp-json\/wp\/v2\/tags?post=7549"}],"curies":[{"name":"wp","href":"https:\/\/api.w.org\/{rel}","templated":true}]}}