{"id":7687,"date":"2024-12-11T22:06:46","date_gmt":"2024-12-11T22:06:46","guid":{"rendered":"https:\/\/www.atletica75.it\/wp2\/?p=7687"},"modified":"2024-12-11T22:06:48","modified_gmt":"2024-12-11T22:06:48","slug":"il-piccolo-principe-a-cattolica","status":"publish","type":"post","link":"https:\/\/www.atletica75.it\/wp2\/2024\/12\/11\/il-piccolo-principe-a-cattolica\/","title":{"rendered":"Il piccolo principe a Cattolica!"},"content":{"rendered":"\n<p>Il saggio natalizio della nostra sezione ginnastica coinvolge da sempre tutte le altre attivit\u00e0 della societ\u00e0, una grande festa per grandi e piccini.  Per l&#8217;occasione abbiamo chiamato un nostro amico storico, uno che ci conosce bene e ha passato con noi momenti indimenticabili. Il Piccolo Principe \u00e8 ritornato con il suo aeroplano di legno, occhialoni antivento e cuffietta di pelle, carico di giochi e di idee entusiasmanti. Voler\u00e0 sulle nostre teste e ci coprir\u00e0 di energia. Allacciate le cinture, venerd\u00ec 20 dicembre si parte per un fantastico viaggio!  <\/p>\n","protected":false},"excerpt":{"rendered":"<p>Il saggio natalizio della nostra sezione ginnastica coinvolge da sempre tutte le altre attivit\u00e0 della societ\u00e0, una grande festa per grandi e piccini. Per l&#8217;occasione abbiamo chiamato un nostro amico storico, uno che ci conosce bene e ha passato con noi momenti indimenticabili. Il Piccolo Principe \u00e8 ritornato con il suo aeroplano di legno, occhialoni [&hellip;]<\/p>\n","protected":false},"author":2,"featured_media":7689,"comment_status":"closed","ping_status":"open","sticky":false,"template":"","format":"standard","meta":{"_et_pb_use_builder":"off","_et_pb_old_content":"","_et_gb_content_width":"","footnotes":""},"categories":[13,20],"tags":[],"_links":{"self":[{"href":"https:\/\/www.atletica75.it\/wp2\/wp-json\/wp\/v2\/posts\/7687"}],"collection":[{"href":"https:\/\/www.atletica75.it\/wp2\/wp-json\/wp\/v2\/posts"}],"about":[{"href":"https:\/\/www.atletica75.it\/wp2\/wp-json\/wp\/v2\/types\/post"}],"author":[{"embeddable":true,"href":"https:\/\/www.atletica75.it\/wp2\/wp-json\/wp\/v2\/users\/2"}],"replies":[{"embeddable":true,"href":"https:\/\/www.atletica75.it\/wp2\/wp-json\/wp\/v2\/comments?post=7687"}],"version-history":[{"count":2,"href":"https:\/\/www.atletica75.it\/wp2\/wp-json\/wp\/v2\/posts\/7687\/revisions"}],"predecessor-version":[{"id":7690,"href":"https:\/\/www.atletica75.it\/wp2\/wp-json\/wp\/v2\/posts\/7687\/revisions\/7690"}],"wp:featuredmedia":[{"embeddable":true,"href":"https:\/\/www.atletica75.it\/wp2\/wp-json\/wp\/v2\/media\/7689"}],"wp:attachment":[{"href":"https:\/\/www.atletica75.it\/wp2\/wp-json\/wp\/v2\/media?parent=7687"}],"wp:term":[{"taxonomy":"category","embeddable":true,"href":"https:\/\/www.atletica75.it\/wp2\/wp-json\/wp\/v2\/categories?post=7687"},{"taxonomy":"post_tag","embeddable":true,"href":"https:\/\/www.atletica75.it\/wp2\/wp-json\/wp\/v2\/tags?post=7687"}],"curies":[{"name":"wp","href":"https:\/\/api.w.org\/{rel}","templated":true}]}}